{"id":64926,"date":"2022-01-14T21:47:45","date_gmt":"2022-01-14T20:47:45","guid":{"rendered":"https:\/\/www.area-press.eu\/comunicatistampa\/?p=64926"},"modified":"2022-05-31T17:50:32","modified_gmt":"2022-05-31T15:50:32","slug":"roadelli-sulla-tua-pelle-e-il-nuovo-singolo-inserito-nella-playlist-generazione-z","status":"publish","type":"post","link":"https:\/\/www.area-press.eu\/comunicatistampa\/2022\/01\/14\/roadelli-sulla-tua-pelle-e-il-nuovo-singolo-inserito-nella-playlist-generazione-z\/","title":{"rendered":"ROADELLI: \u201cSulla tua pelle\u201d \u00e8 il nuovo singolo, inserito nella playlist Generazione Z"},"content":{"rendered":"<p style=\"text-align: center\"><i><span style=\"font-weight: 400\">Un testo autobiografico che racconta un momento cruciale\u00a0<\/span><\/i><\/p>\n<p><img decoding=\"async\" class=\"aligncenter\" src=\"https:\/\/www.earone.it\/newsimages\/roadelli_sulla_tua_pelle.jpg___th_320_0.jpg\" \/><\/p>\n<p style=\"text-align: center\"><b>in radio dal 14 gennaio<\/b><\/p>\n<p>&nbsp;<\/p>\n<p><span style=\"font-weight: 400\">Un brano scritto oltre un anno fa che affronta il rimpianto e la solitudine con un testo autobiografico come \u00e8 tipico della scrittura di questo giovane artista che nei testi dei propri brani trova il modo per scavare dentro s\u00e9 stesso e affrontare ci\u00f2 che lo tocca nel profondo.\u00a0<\/span><\/p>\n<p><span style=\"font-weight: 400\">\u00ab<\/span><i><span style=\"font-weight: 400\">La musica per me \u00e8 un rifugio, ma se anche solo una persona si sentir\u00e0 coinvolta come lo sono io, avr\u00f2 raggiunto il mio scopo. \u00c8 l\u2019unica cosa che chiedo.<\/span><\/i><span style=\"font-weight: 400\">\u00bb <\/span><b>Roadelli<\/b><\/p>\n<p>&nbsp;<\/p>\n<p><span style=\"font-weight: 400\">Etichetta: <\/span><b>Orangle Srl\u00a0<\/b><\/p>\n<p><span style=\"font-weight: 400\">Radio date:<\/span><b> 14 gennaio 2022<\/b><\/p>\n<p>&nbsp;<\/p>\n<p><b>Social\u00a0<\/b><\/p>\n<p><span style=\"font-weight: 400\">TIK TOK <\/span><a href=\"http:\/\/www.tiktok.com\/@roadelli\"><span style=\"font-weight: 400\">http:\/\/www.tiktok.com\/@roadelli<\/span><\/a><\/p>\n<p><span style=\"font-weight: 400\">INSTAGRAM <\/span><a href=\"https:\/\/www.instagram.com\/roadelli\/\"><span style=\"font-weight: 400\">https:\/\/www.instagram.com\/roadelli\/<\/span><\/a><\/p>\n<p><span style=\"font-weight: 400\">SPOTIFY <\/span><a href=\"https:\/\/open.spotify.com\/artist\/6HTqagDvIg3PKGFnth4obZ\"><span style=\"font-weight: 400\">https:\/\/open.spotify.com\/artist\/6HTqagDvIg3PKGFnth4obZ<\/span><\/a><\/p>\n<p>&nbsp;<\/p>\n<p><b>BIO<\/b><\/p>\n<p><b>Roadelli<\/b><span style=\"font-weight: 400\"> pseudonimo di Fabio Rodelli, \u00e8 un giovane cantautore romano, classe 2001, avvicinatosi alla musica e alla scrittura di testi per puro caso due anni fa.\u00a0 Attraverso la musica cerca di esprimersi come in nessun&#8217;altra occasione riesce fare, mostrando il suo lato nascosto.\u00a0<\/span><\/p>\n<p>&nbsp;<\/p>\n<p><b>Contatti<\/b><\/p>\n<p><span style=\"font-weight: 400\">Orangle Records: <\/span><span style=\"font-weight: 400\">www.oranglerecords.com<\/span><\/p>\n<p><span style=\"font-weight: 400\">L\u2019Altoparlante: <\/span><span style=\"font-weight: 400\">www.laltoparlante.it<\/span><\/p>\n","protected":false},"excerpt":{"rendered":"<p>Un testo autobiografico che racconta un momento cruciale\u00a0 in radio dal 14 gennaio &nbsp; Un brano scritto oltre un anno fa che affronta il rimpianto e la solitudine con un testo autobiografico come \u00e8 tipico della scrittura di questo giovane artista che nei testi dei propri brani trova il modo per scavare dentro s\u00e9 stesso [&hellip;]<\/p>\n","protected":false},"author":4383,"featured_media":0,"comment_status":"open","ping_status":"open","sticky":false,"template":"","format":"standard","meta":{"footnotes":""},"categories":[12],"tags":[],"class_list":["post-64926","post","type-post","status-publish","format-standard","hentry","category-musica"],"_links":{"self":[{"href":"https:\/\/www.area-press.eu\/comunicatistampa\/wp-json\/wp\/v2\/posts\/64926","targetHints":{"allow":["GET"]}}],"collection":[{"href":"https:\/\/www.area-press.eu\/comunicatistampa\/wp-json\/wp\/v2\/posts"}],"about":[{"href":"https:\/\/www.area-press.eu\/comunicatistampa\/wp-json\/wp\/v2\/types\/post"}],"author":[{"embeddable":true,"href":"https:\/\/www.area-press.eu\/comunicatistampa\/wp-json\/wp\/v2\/users\/4383"}],"replies":[{"embeddable":true,"href":"https:\/\/www.area-press.eu\/comunicatistampa\/wp-json\/wp\/v2\/comments?post=64926"}],"version-history":[{"count":1,"href":"https:\/\/www.area-press.eu\/comunicatistampa\/wp-json\/wp\/v2\/posts\/64926\/revisions"}],"predecessor-version":[{"id":64927,"href":"https:\/\/www.area-press.eu\/comunicatistampa\/wp-json\/wp\/v2\/posts\/64926\/revisions\/64927"}],"wp:attachment":[{"href":"https:\/\/www.area-press.eu\/comunicatistampa\/wp-json\/wp\/v2\/media?parent=64926"}],"wp:term":[{"taxonomy":"category","embeddable":true,"href":"https:\/\/www.area-press.eu\/comunicatistampa\/wp-json\/wp\/v2\/categories?post=64926"},{"taxonomy":"post_tag","embeddable":true,"href":"https:\/\/www.area-press.eu\/comunicatistampa\/wp-json\/wp\/v2\/tags?post=64926"}],"curies":[{"name":"wp","href":"https:\/\/api.w.org\/{rel}","templated":true}]}}