{"id":649,"date":"2015-07-27T20:59:01","date_gmt":"2015-07-27T18:59:01","guid":{"rendered":"http:\/\/www.area-press.eu\/comunicatistampa\/?p=649"},"modified":"2015-07-27T20:59:01","modified_gmt":"2015-07-27T18:59:01","slug":"campionati-del-mondo-a-settembre-con-i-big-dalla-russia-in-val-di-fiemme-con-gli-ski-roll","status":"publish","type":"post","link":"https:\/\/www.area-press.eu\/comunicatistampa\/2015\/07\/27\/campionati-del-mondo-a-settembre-con-i-big-dalla-russia-in-val-di-fiemme-con-gli-ski-roll\/","title":{"rendered":"CAMPIONATI DEL MONDO A SETTEMBRE CON I BIG, DALLA RUSSIA IN VAL DI FIEMME CON\u2026 GLI SKI ROLL"},"content":{"rendered":"<p>Val di Fiemme \u2018casa\u2019 dello ski roll all\u2019inizio dell\u2019autunno<\/p>\n<p>Prenotati in partenza i super campioni russi Legkov e Dementiev<\/p>\n<p>Aggiornamenti di Coppa del Mondo dopo la tappa in Lettonia del week-end<\/p>\n<p>Tutte le news su web e social network di Trentino-Fiemme World Cup<\/p>\n<p>&nbsp;<\/p>\n<p>&nbsp;<\/p>\n<p>Meno di due mesi e la Val di Fiemme in Trentino ospiter\u00e0 i Campionati del Mondo di Ski Roll-FIS Rollerski World Championships 2015.<\/p>\n<p>Dal 24 al 27 settembre le massime cariche della disciplina si raduneranno lungo le strade della vallata dolomitica per contendersi le medaglie iridate, e delle ultime ore sono le prenotazioni tra le griglie trentine di due giganti del fondo russo, volti assai noti nel nostro paese e perfino nella stessa Val di Fiemme. Aleksandr Legkov fu il primo russo, nel 2013, a conquistare il Tour de Ski di Coppa del Mondo dopo la spettacolare Final Climb dell\u2019Alpe Cermis e riusc\u00ec nell\u2019impresa tenendosi alle spalle tutti gli scandinavi e lo svizzero Cologna. Poche settimane pi\u00f9 tardi, ancora in Fiemme, Legkov si mise al collo il bronzo mondiale con la staffetta 4&#215;10 e ora, come molti altri suoi colleghi del fondo, anche il trentaduenne russo mette i suoi sci\u2026in strada e il cross country estivo diventa sempre pi\u00f9 allettante.<\/p>\n<p>Con Legkov in Val di Fiemme a settembre arriver\u00e0 anche il campione a cinque cerchi di Torino 2006 Evgeny Dementiev, e la sfida \u00e8 gi\u00e0 lanciata a chiunque d\u2019ora in avanti vorr\u00e0 sfidare i due cavalli di razza russi.<\/p>\n<p>Mentre scorrono le giornate e le settimane, in Val di Fiemme proseguono i preparativi, le riunioni e gli allestimenti verso settembre, con il comitato Nordic Ski Fiemme che pu\u00f2 contare su una bella squadra di volontari della valle, sulle istituzioni locali e su associazioni e gruppi che non si risparmiano in fatto di energie e tempo.<\/p>\n<p>Le gare settembrine in Italia saranno anche valide come ultima tappa di Coppa del Mondo di Ski Roll e proprio lo scorso fine settimana \u00e8 andata in scena la seconda prova a Madona, in Lettonia. \u00c8 stata una tre giorni a chiare tinte svedesi con otto gare su dodici vinte dagli scandinavi, nello specifico Linn Soemskar ha portato a casa Sprint, 5 km in classico e la Pursuit di 10 km, Robin Norum ha vinto la 7,5 km in tecnica classica e gli Junior Sandra Olsson e Marcus Fredriksson hanno collezionato due vittorie a testa. L\u2019Italia \u00e8 riuscita a strappare un bel successo con Emanuele Becchis nella gara di velocit\u00e0, mentre gli altri primi della classe sono stati il bielorusso Sergei Dolidovich e gli Junior Olga Letucheva e Raimo Vigants.<\/p>\n<p>Ora la Coppa del Mondo si conceder\u00e0 uno stop di quattro settimane e torner\u00e0 il penultimo week-end di agosto a Bad Peterstal in Germania.<\/p>\n<p>Tutte le news e gli aggiornamenti per quanto riguarda i prossimi Campionati del Mondo di Ski Roll in Val di Fiemme sono disponibili dal sito ufficiale <a href=\"http:\/\/www.fiemmeworldcup.com\/\">www.fiemmeworldcup.com<\/a> e sui canali social sempre ricchi di spunti.<\/p>\n","protected":false},"excerpt":{"rendered":"<p>Val di Fiemme \u2018casa\u2019 dello ski roll all\u2019inizio dell\u2019autunno Prenotati in partenza i super campioni russi Legkov e Dementiev Aggiornamenti di Coppa del Mondo dopo la tappa in Lettonia del week-end Tutte le news su web e social network di Trentino-Fiemme World Cup &nbsp; &nbsp; Meno di due mesi e la Val di Fiemme in [&hellip;]<\/p>\n","protected":false},"author":15,"featured_media":0,"comment_status":"open","ping_status":"open","sticky":false,"template":"","format":"standard","meta":{"footnotes":""},"categories":[15],"tags":[],"class_list":["post-649","post","type-post","status-publish","format-standard","hentry","category-sport"],"_links":{"self":[{"href":"https:\/\/www.area-press.eu\/comunicatistampa\/wp-json\/wp\/v2\/posts\/649","targetHints":{"allow":["GET"]}}],"collection":[{"href":"https:\/\/www.area-press.eu\/comunicatistampa\/wp-json\/wp\/v2\/posts"}],"about":[{"href":"https:\/\/www.area-press.eu\/comunicatistampa\/wp-json\/wp\/v2\/types\/post"}],"author":[{"embeddable":true,"href":"https:\/\/www.area-press.eu\/comunicatistampa\/wp-json\/wp\/v2\/users\/15"}],"replies":[{"embeddable":true,"href":"https:\/\/www.area-press.eu\/comunicatistampa\/wp-json\/wp\/v2\/comments?post=649"}],"version-history":[{"count":1,"href":"https:\/\/www.area-press.eu\/comunicatistampa\/wp-json\/wp\/v2\/posts\/649\/revisions"}],"predecessor-version":[{"id":652,"href":"https:\/\/www.area-press.eu\/comunicatistampa\/wp-json\/wp\/v2\/posts\/649\/revisions\/652"}],"wp:attachment":[{"href":"https:\/\/www.area-press.eu\/comunicatistampa\/wp-json\/wp\/v2\/media?parent=649"}],"wp:term":[{"taxonomy":"category","embeddable":true,"href":"https:\/\/www.area-press.eu\/comunicatistampa\/wp-json\/wp\/v2\/categories?post=649"},{"taxonomy":"post_tag","embeddable":true,"href":"https:\/\/www.area-press.eu\/comunicatistampa\/wp-json\/wp\/v2\/tags?post=649"}],"curies":[{"name":"wp","href":"https:\/\/api.w.org\/{rel}","templated":true}]}}