{"id":64845,"date":"2022-01-09T22:47:53","date_gmt":"2022-01-09T21:47:53","guid":{"rendered":"https:\/\/www.area-press.eu\/comunicatistampa\/?p=64845"},"modified":"2022-01-09T22:47:53","modified_gmt":"2022-01-09T21:47:53","slug":"come-scegliere-le-coperte-invernali-per-cavalli","status":"publish","type":"post","link":"https:\/\/www.area-press.eu\/comunicatistampa\/2022\/01\/09\/come-scegliere-le-coperte-invernali-per-cavalli\/","title":{"rendered":"Come scegliere le coperte invernali per cavalli"},"content":{"rendered":"<p style=\"text-align: center\" align=\"JUSTIFY\"><img decoding=\"async\" src=\"https:\/\/www.mlcshopsrls.it\/wp-content\/uploads\/2021\/12\/other-small-1536x1024.jpg\" alt=\"selleria gioia sannitica\" \/><\/p>\n<p align=\"JUSTIFY\">D&#8217;inverno il cavallo ha bisogno di maggiore protezione e si deve ricorrere all&#8217;impiego di una coperta. Anche se quando arriva il freddo il cavallo sviluppa un abbondante sottopelo di peli pi\u00f9 folti per sopportare il freddo; la pelliccia dei cavalli \u00e8 fastidiosa, perch\u00e8 \u00e8 di intralcio per la monta e quando si pulisce il cavallo. Inoltre, la pelliccia tende a far sudare il cavallo quando fa attivit\u00e0 fisica, causando malanni anche gravi.<\/p>\n<p align=\"JUSTIFY\">Per fare in modo che il cavallo non sviluppi una folta pelliccia \u00e8 necessario evitare la tosatura e ricorrere all&#8217;utilizzo di una coperta, gi\u00e0 con i primi freddi.<\/p>\n<p align=\"JUSTIFY\">La coperta deve soddisfare tutte le esigenze di un cavallo. Essa deve coprire l&#8217;animale dal garrese, fino all\u2019attaccatura della coda, riparando le spalle, la schiena e i reni. La coperta deve essere anche calda, ma non troppo pesante o ingombrante. Inoltre, deve essere resistente, ma facile da pulire.<\/p>\n<p align=\"JUSTIFY\">Essa pu\u00f2 essere realizzata in lana o in tessuti tecnologici. Il modello acquistato dovr\u00e0 essere n\u00e9 troppo piccolo (potrebbe rompersi facilmente) n\u00e9 troppo grande (potrebbe fare impigliare il cavallo facendolo cadere).<\/p>\n<p align=\"JUSTIFY\">Essa dovr\u00e0 essere realizzata in modo da non ferire il cavallo. Ad esempio, le cinghie dovranno rivolgersi all\u2019esterno e i tessuti dovranno essere orlati, per non tagliare il cavallo.<\/p>\n<p align=\"JUSTIFY\">Quindi sar\u00e0 necessario acquistare delle coperte della giusta misura. Per essere sicuri prendete le misure al cavallo: la lunghezza della schiena, la lunghezza totale e l&#8217;altezza.<\/p>\n<p align=\"JUSTIFY\">Vi consiglio di acquistare tutto l&#8217;occorrente che serve al vostro cavallo su siti sicuri e professionali come la <a href=\"https:\/\/www.mlcshopsrls.it\/\">selleria Gioia Sannitica<\/a> MLC Shop s.r.l.s.<\/p>\n","protected":false},"excerpt":{"rendered":"<p>D&#8217;inverno il cavallo ha bisogno di maggiore protezione e si deve ricorrere all&#8217;impiego di una coperta. Anche se quando arriva il freddo il cavallo sviluppa un abbondante sottopelo di peli pi\u00f9 folti per sopportare il freddo; la pelliccia dei cavalli \u00e8 fastidiosa, perch\u00e8 \u00e8 di intralcio per la monta e quando si pulisce il cavallo. [&hellip;]<\/p>\n","protected":false},"author":7285,"featured_media":0,"comment_status":"open","ping_status":"open","sticky":false,"template":"","format":"standard","meta":{"footnotes":""},"categories":[18],"tags":[31596,31597],"class_list":["post-64845","post","type-post","status-publish","format-standard","hentry","category-altri-vari","tag-selleria","tag-selleria-gioia-sannitica"],"_links":{"self":[{"href":"https:\/\/www.area-press.eu\/comunicatistampa\/wp-json\/wp\/v2\/posts\/64845","targetHints":{"allow":["GET"]}}],"collection":[{"href":"https:\/\/www.area-press.eu\/comunicatistampa\/wp-json\/wp\/v2\/posts"}],"about":[{"href":"https:\/\/www.area-press.eu\/comunicatistampa\/wp-json\/wp\/v2\/types\/post"}],"author":[{"embeddable":true,"href":"https:\/\/www.area-press.eu\/comunicatistampa\/wp-json\/wp\/v2\/users\/7285"}],"replies":[{"embeddable":true,"href":"https:\/\/www.area-press.eu\/comunicatistampa\/wp-json\/wp\/v2\/comments?post=64845"}],"version-history":[{"count":3,"href":"https:\/\/www.area-press.eu\/comunicatistampa\/wp-json\/wp\/v2\/posts\/64845\/revisions"}],"predecessor-version":[{"id":64847,"href":"https:\/\/www.area-press.eu\/comunicatistampa\/wp-json\/wp\/v2\/posts\/64845\/revisions\/64847"}],"wp:attachment":[{"href":"https:\/\/www.area-press.eu\/comunicatistampa\/wp-json\/wp\/v2\/media?parent=64845"}],"wp:term":[{"taxonomy":"category","embeddable":true,"href":"https:\/\/www.area-press.eu\/comunicatistampa\/wp-json\/wp\/v2\/categories?post=64845"},{"taxonomy":"post_tag","embeddable":true,"href":"https:\/\/www.area-press.eu\/comunicatistampa\/wp-json\/wp\/v2\/tags?post=64845"}],"curies":[{"name":"wp","href":"https:\/\/api.w.org\/{rel}","templated":true}]}}