{"id":6471,"date":"2016-02-19T13:16:26","date_gmt":"2016-02-19T12:16:26","guid":{"rendered":"http:\/\/www.area-press.eu\/comunicatistampa\/?p=6471"},"modified":"2016-02-19T13:16:26","modified_gmt":"2016-02-19T12:16:26","slug":"a-trento-e-sul-bondone-la-pedalata-e-leggendaria-disponibili-allettanti-offerte-di-tesseramento","status":"publish","type":"post","link":"https:\/\/www.area-press.eu\/comunicatistampa\/2016\/02\/19\/a-trento-e-sul-bondone-la-pedalata-e-leggendaria-disponibili-allettanti-offerte-di-tesseramento\/","title":{"rendered":"A TRENTO E SUL BONDONE LA PEDALATA \u00c8 LEGGENDARIA,  DISPONIBILI ALLETTANTI OFFERTE DI TESSERAMENTO"},"content":{"rendered":"<p>Dal 15 al 17 luglio si celebra \u201cLa Leggendaria Charly Gaul\u201d<\/p>\n<p>Anticiperanno la sfida una gara a cronometro e la ciclostorica \u201cLa Moserissima\u201d<\/p>\n<p>Tesserarsi con la proposta dell\u2019Asd Charly Gaul Internazionale porter\u00e0 consistenti vantaggi<\/p>\n<p>Numerose offerte turistiche disponibili in occasione del trittico trentino<\/p>\n<p>&nbsp;<\/p>\n<p>&nbsp;<\/p>\n<p>Dal 15 al 17 luglio le strade di Trento, del Monte Bondone della Valle dei Laghi accoglieranno l\u2019undicesima edizione de \u201cLa Leggendaria Charly Gaul\u201d, un\u2019\u201cinvasione\u201d su due ruote che vedr\u00e0 protagonisti cicloamatori da tutto il mondo in un avvincente trittico di appuntamenti.<\/p>\n<p>Si comincer\u00e0 con la cronometro in Valle dei Laghi di venerd\u00ec 15 luglio, lungo 24 km con partenza ed arrivo a Cavedine, una competizione amata particolarmente dai concorrenti stranieri. La giornata successiva far\u00e0 prendere la \u201cvia del vintage\u201d, con la seconda ciclostorica \u201cLa Moserissima\u201d di 58 km, la manifestazione nata lo scorso anno per celebrare i dieci anni di vita de \u201cLa Leggendaria Charly Gaul\u201d e confermata all\u2019unanimit\u00e0 anche per le prossime edizioni, per terminare domenica con la gara \u201cleggendaria\u201d e i percorsi mediofondo e granfondo rispettivamente di 57 km e 2000 metri di dislivello e 141 km e 4000 metri di dislivello, con partenza da Piazza Duomo a Trento ed arrivo sul Monte Bondone in localit\u00e0 Vason.<\/p>\n<p>L\u2019organizzazione dell\u2019ApT Trento, Monte Bondone, Valle dei Laghi e dell\u2019Asd Charly Gaul Internazionale, inoltre, arricchisce ulteriormente la propria offerta con un\u2019interessante proposta di tesseramento, comprendente la tessera della Federazione Ciclistica Italiana master ed una partecipazione a scelta tra la gara a cronometro del 15 luglio, la ciclostorica \u201cLa Moserissima\u201d di sabato 16 luglio o la possibilit\u00e0 di competere in uno dei due appuntamenti granfondo o mediofondo de \u201cLa Leggendaria Charly Gaul\u201d di domenica 17 luglio, unica tappa italiana dell\u2019ambito circuito UCI Granfondo World Series, ricevendo inoltre un gadget tecnico che celebrer\u00e0 i sessant\u2019anni dalla mitica impresa dell\u2019Angelo della Montagna Charly Gaul sul Monte Bondone. Il tutto alla quota promozionale di 65 euro.<\/p>\n<p>Le quote per l\u2019iscrizione \u201ctradizionale\u201d alle gare sono invece cos\u00ec distribuite: 59 euro per chi pedaler\u00e0 alla sfida granfondo o mediofondo, 39 euro per la gara a cronometro ed 89 euro per chi garegger\u00e0 sia alla cronometro che alla granfondo o mediofondo de \u201cLa Leggendaria Charly Gaul\u201d.<\/p>\n<p>Una competizione che ha visto sfidarsi anche numerosi campioni del passato e di altre discipline, come Jury Chechi, Antonio Rossi, Marino Basso, Franco Bitossi, Gilberto Simoni, Cristian Zorzi e naturalmente Francesco e Aldo Moser. Tutti assieme per commemorare le gesta di uno dei pi\u00f9 grandi sportivi di tutti i tempi, quando il lussemburghese Charly Gaul, durante la ventunesima tappa del Giro d\u2019Italia del 1956, vinse oltrepassando il traguardo in uno stato di semi congelamento nel corso di una frazione da tregenda, quella che da Merano giunse al Monte Bondone, spiegando cos\u00ec al mondo il perch\u00e9 del proprio soprannome: \u201cAngelo della Montagna\u201d.<\/p>\n<p>Il comitato organizzatore dell\u2019ASD Charly Gaul Internazionale assieme all\u2019ApT Trento, Monte Bondone, Valle dei Laghi ha pensato anche di offrire ai cicloamatori una \u201cvacanza leggendaria\u201d in Trentino, dato che la manifestazione vera e propria verr\u00e0 anticipata da ulteriori giornate di divertimento. A partire da 119 euro, si potr\u00e0 usufruire di un soggiorno di due notti comprensive di prima colazione, due visite guidate al Castello del Buonconsiglio e al centro storico di Trento, con brindisi a base di spumante Trento DOC a Palazzo Roccabruna e la Guest Card Trentino per visitare liberamente i principali musei, castelli e parchi naturali della zona, beneficiando gratuitamente dei mezzi di trasporto pubblici.<\/p>\n<p>Tutte le informazioni in merito e quelle aggiuntive si potranno consultare al sito di riferimento de \u201cLa Leggendaria Charly Gaul\u201d, alle pagine dei canali Facebook, YouTube e all\u2019hashtag ufficiale #laleggendaria11 presente nei diversi social network. Si prospetta un altro tris\u2026 Leggendario.<\/p>\n<p>Info: <a href=\"http:\/\/www.laleggendariacharlygaul.it\/\">www.laleggendariacharlygaul.it<\/a><\/p>\n","protected":false},"excerpt":{"rendered":"<p>Dal 15 al 17 luglio si celebra \u201cLa Leggendaria Charly Gaul\u201d Anticiperanno la sfida una gara a cronometro e la ciclostorica \u201cLa Moserissima\u201d Tesserarsi con la proposta dell\u2019Asd Charly Gaul Internazionale porter\u00e0 consistenti vantaggi Numerose offerte turistiche disponibili in occasione del trittico trentino &nbsp; &nbsp; Dal 15 al 17 luglio le strade di Trento, del [&hellip;]<\/p>\n","protected":false},"author":15,"featured_media":0,"comment_status":"open","ping_status":"open","sticky":false,"template":"","format":"standard","meta":{"footnotes":""},"categories":[15],"tags":[],"class_list":["post-6471","post","type-post","status-publish","format-standard","hentry","category-sport"],"_links":{"self":[{"href":"https:\/\/www.area-press.eu\/comunicatistampa\/wp-json\/wp\/v2\/posts\/6471","targetHints":{"allow":["GET"]}}],"collection":[{"href":"https:\/\/www.area-press.eu\/comunicatistampa\/wp-json\/wp\/v2\/posts"}],"about":[{"href":"https:\/\/www.area-press.eu\/comunicatistampa\/wp-json\/wp\/v2\/types\/post"}],"author":[{"embeddable":true,"href":"https:\/\/www.area-press.eu\/comunicatistampa\/wp-json\/wp\/v2\/users\/15"}],"replies":[{"embeddable":true,"href":"https:\/\/www.area-press.eu\/comunicatistampa\/wp-json\/wp\/v2\/comments?post=6471"}],"version-history":[{"count":1,"href":"https:\/\/www.area-press.eu\/comunicatistampa\/wp-json\/wp\/v2\/posts\/6471\/revisions"}],"predecessor-version":[{"id":6472,"href":"https:\/\/www.area-press.eu\/comunicatistampa\/wp-json\/wp\/v2\/posts\/6471\/revisions\/6472"}],"wp:attachment":[{"href":"https:\/\/www.area-press.eu\/comunicatistampa\/wp-json\/wp\/v2\/media?parent=6471"}],"wp:term":[{"taxonomy":"category","embeddable":true,"href":"https:\/\/www.area-press.eu\/comunicatistampa\/wp-json\/wp\/v2\/categories?post=6471"},{"taxonomy":"post_tag","embeddable":true,"href":"https:\/\/www.area-press.eu\/comunicatistampa\/wp-json\/wp\/v2\/tags?post=6471"}],"curies":[{"name":"wp","href":"https:\/\/api.w.org\/{rel}","templated":true}]}}