{"id":64362,"date":"2021-12-14T09:49:13","date_gmt":"2021-12-14T08:49:13","guid":{"rendered":"https:\/\/www.area-press.eu\/comunicatistampa\/?p=64362"},"modified":"2022-01-22T19:06:05","modified_gmt":"2022-01-22T18:06:05","slug":"vittoria-california-e-il-singolo-dalle-sonorita-synth-pop-con-cui-la-cantautrice-toscana-partecipera-a-sanremo-giovani-2021","status":"publish","type":"post","link":"https:\/\/www.area-press.eu\/comunicatistampa\/2021\/12\/14\/vittoria-california-e-il-singolo-dalle-sonorita-synth-pop-con-cui-la-cantautrice-toscana-partecipera-a-sanremo-giovani-2021\/","title":{"rendered":"VITTORIA \u201cCalifornia\u201d \u00e8 il singolo dalle sonorit\u00e0 synth pop con cui la cantautrice toscana parteciper\u00e0 a Sanremo Giovani 2021"},"content":{"rendered":"<p style=\"text-align: center\"><i><span style=\"font-weight: 400\">Un brano dove la giovane artista parla del suo rapporto con la musica attraverso sonorit\u00e0 synth pop contemporanee<\/span><\/i><\/p>\n<p><img decoding=\"async\" class=\"aligncenter\" src=\"https:\/\/www.earone.it\/newsimages\/cover_VITTORIA_california.jpg___th_320_0.jpg\" \/><\/p>\n<p><span style=\"font-weight: 400\">Dopo aver vinto il concorso Area Sanremo, Vittoria si \u00e8 aggiudicata anche un posto nella nuova edizione di <\/span><b>Sanremo Giovani 2021<\/b><span style=\"font-weight: 400\">, la trasmissione Rai che dar\u00e0 la possibilit\u00e0 a due dei dodici partecipanti, di calcare il palco del <\/span><b>Festival di Sanremo<\/b><span style=\"font-weight: 400\">.<\/span><\/p>\n<p><i><span style=\"font-weight: 400\">\u00ab\u201cCalifornia\u201d l\u2019ho scritta durante un viaggio poco prima del primo lockdown e racconta del mio rapporto dualistico con la musica. Ho immaginato due figure: California e Gaultier. California \u00e8 la parte esteriore di me e delle mia musica, quella che spesso traspare, la parte pi\u00f9 sciolta, divertente ed esuberante; mentre Gaultier richiama la mia parte pi\u00f9 fine, intima e nascosta, quella che davvero riesce a trasmettere la mia arte.<\/span><\/i><\/p>\n<p><i><span style=\"font-weight: 400\">Un grazie enorme va a Mirko Mangano, il mio produttore, che riesce con me a creare il mondo sonoro che avevo immaginato fin da subito.<\/span><\/i><\/p>\n<p><i><span style=\"font-weight: 400\">Sono veramente felice di poter cantare questa canzone a Sanremo Giovani poich\u00e9 \u00e8 un brano che mi rappresenta fino in fondo ed essendo anche il mio brano d\u2019esordio, personalmente \u00e8 una bella soddisfazione.\u00bb <\/span><\/i><b>Vittoria<\/b><\/p>\n<p><iframe loading=\"lazy\" title=\"California (Official Video)\" width=\"500\" height=\"281\" src=\"https:\/\/www.youtube.com\/embed\/1VhytXEk19U?feature=oembed\" frameborder=\"0\" allow=\"accelerometer; autoplay; clipboard-write; encrypted-media; gyroscope; picture-in-picture; web-share\" referrerpolicy=\"strict-origin-when-cross-origin\" allowfullscreen><\/iframe><\/p>\n<p><span style=\"font-weight: 400\">Etichetta: <\/span><b>Rusty Records<\/b><\/p>\n<p><span style=\"font-weight: 400\">Produzione: <\/span><b>Media Wave &#8211; Mirko Mangano<\/b><\/p>\n<p><span style=\"font-weight: 400\">Radio date: <\/span><b>3 dicembre 2021<\/b><\/p>\n<p>&nbsp;<\/p>\n<p><b>LINK SOCIAL<\/b><\/p>\n<p><b>Instagram <\/b><a href=\"https:\/\/www.instagram.com\/vittoriasrt\/?hl=it\"><span style=\"font-weight: 400\">https:\/\/www.instagram.com\/vittoriasrt\/?hl=it<\/span><\/a><\/p>\n<p><b>Spotify<\/b> <a href=\"https:\/\/open.spotify.com\/album\/3kZ82QPiXzukJyJEZ4EXYQ\"><span style=\"font-weight: 400\">https:\/\/open.spotify.com\/album\/3kZ82QPiXzukJyJEZ4EXYQ<\/span><\/a><\/p>\n<p><b>Youtube<\/b> <a href=\"https:\/\/www.youtube.com\/channel\/UCewFZVl2DMbS-OcTwPtIdjg\"><span style=\"font-weight: 400\">https:\/\/www.youtube.com\/channel\/UCewFZVl2DMbS-OcTwPtIdjg<\/span><\/a><\/p>\n<p>&nbsp;<\/p>\n<p><b>BIO<\/b><\/p>\n<p><b>Vittoria Sarti<\/b><span style=\"font-weight: 400\">, in arte <\/span><b>VITTORIA<\/b><span style=\"font-weight: 400\">, nasce a Pontremoli il 27 ottobre 2003. Fin dalla tenera et\u00e0, comunica attraverso l\u2019Arte; prima col disegno e arti figurative,successivamente con la musica e nella scrittura. Impugnare una chitarra o una matita diventa la sua quotidianit\u00e0.\u00a0<\/span><\/p>\n<p><span style=\"font-weight: 400\">Durante il percorso di formazione artistica,le influenze musicali che la segnano maggiormente sono il punk, l\u2019R&amp;B e l\u2019hip-hop lasciando comunque spazio ad ascolti pi\u00f9 ampi e diversi.\u00a0 Partecipa fin da giovane a manifestazioni canore che l\u2019hanno fatta crescere artisticamente, fino al <\/span><b>Cantagiro 2019 dove vince nella categoria \u201cNew Voice\u201d<\/b><span style=\"font-weight: 400\"> aggiudicandosi la realizzazione di un brano in studio di registrazione.<\/span><\/p>\n<p><span style=\"font-weight: 400\">La scelta dello studio cade sulla <\/span><b>Media Wave<\/b><span style=\"font-weight: 400\"> di Massa e cos\u00ec avviene l\u2019incontro con il suo attuale produttore artistico <\/span><b>Mirko Mangano.<\/b><span style=\"font-weight: 400\"> \u00c8 con lui che Vittoria comincia un vero percorso artistico professionale arrivando al suo primo contratto discografico con l\u2019etichetta <\/span><b>Rusty Records<\/b><span style=\"font-weight: 400\">.\u00a0 Vittoria scrive e compone i suoi brani e grazie alla sinergia col suo produttore i pezzi prendono forma e sostanza esattamente come la sua identit\u00e0 artistica.<\/span><\/p>\n<p><span style=\"font-weight: 400\">Il primo brano che vede la luce \u00e8 \u201c<\/span><b>California<\/b><span style=\"font-weight: 400\">\u201d con il quale vince \u201c<\/span><b>Area Sanremo 2021<\/b><span style=\"font-weight: 400\">\u201d. <\/span><span style=\"font-weight: 400\">Scelta dalla commissione Rai,\u00a0 Vittoria\u00a0 \u00e8 fra i quattro artisti che parteciperanno a Sanremo Giovani 2021 la trasmissione RAI che dar\u00e0 la possibilit\u00e0 a due dei dodici partecipanti di calcare il palco del Teatro Ariston per l\u2019edizione 2022 del <\/span><b>Festival di Sanremo<\/b><span style=\"font-weight: 400\">.<\/span><\/p>\n","protected":false},"excerpt":{"rendered":"<p>Un brano dove la giovane artista parla del suo rapporto con la musica attraverso sonorit\u00e0 synth pop contemporanee Dopo aver vinto il concorso Area Sanremo, Vittoria si \u00e8 aggiudicata anche un posto nella nuova edizione di Sanremo Giovani 2021, la trasmissione Rai che dar\u00e0 la possibilit\u00e0 a due dei dodici partecipanti, di calcare il palco [&hellip;]<\/p>\n","protected":false},"author":4383,"featured_media":0,"comment_status":"open","ping_status":"open","sticky":false,"template":"","format":"standard","meta":{"footnotes":""},"categories":[12],"tags":[4245,28888,30997,2365,31512,3583,3584,31511],"class_list":["post-64362","post","type-post","status-publish","format-standard","hentry","category-musica","tag-musica-italiana","tag-musica-pop","tag-sanremo-giovani","tag-singolo","tag-synth-pop","tag-video","tag-videoclip","tag-vittoria"],"_links":{"self":[{"href":"https:\/\/www.area-press.eu\/comunicatistampa\/wp-json\/wp\/v2\/posts\/64362","targetHints":{"allow":["GET"]}}],"collection":[{"href":"https:\/\/www.area-press.eu\/comunicatistampa\/wp-json\/wp\/v2\/posts"}],"about":[{"href":"https:\/\/www.area-press.eu\/comunicatistampa\/wp-json\/wp\/v2\/types\/post"}],"author":[{"embeddable":true,"href":"https:\/\/www.area-press.eu\/comunicatistampa\/wp-json\/wp\/v2\/users\/4383"}],"replies":[{"embeddable":true,"href":"https:\/\/www.area-press.eu\/comunicatistampa\/wp-json\/wp\/v2\/comments?post=64362"}],"version-history":[{"count":1,"href":"https:\/\/www.area-press.eu\/comunicatistampa\/wp-json\/wp\/v2\/posts\/64362\/revisions"}],"predecessor-version":[{"id":64364,"href":"https:\/\/www.area-press.eu\/comunicatistampa\/wp-json\/wp\/v2\/posts\/64362\/revisions\/64364"}],"wp:attachment":[{"href":"https:\/\/www.area-press.eu\/comunicatistampa\/wp-json\/wp\/v2\/media?parent=64362"}],"wp:term":[{"taxonomy":"category","embeddable":true,"href":"https:\/\/www.area-press.eu\/comunicatistampa\/wp-json\/wp\/v2\/categories?post=64362"},{"taxonomy":"post_tag","embeddable":true,"href":"https:\/\/www.area-press.eu\/comunicatistampa\/wp-json\/wp\/v2\/tags?post=64362"}],"curies":[{"name":"wp","href":"https:\/\/api.w.org\/{rel}","templated":true}]}}