{"id":63821,"date":"2021-11-21T12:18:45","date_gmt":"2021-11-21T11:18:45","guid":{"rendered":"https:\/\/www.area-press.eu\/comunicatistampa\/?p=63821"},"modified":"2022-05-31T17:59:19","modified_gmt":"2022-05-31T15:59:19","slug":"da-non-perdere-il-finissage-della-mostra-la-cura-e-labbandono","status":"publish","type":"post","link":"https:\/\/www.area-press.eu\/comunicatistampa\/2021\/11\/21\/da-non-perdere-il-finissage-della-mostra-la-cura-e-labbandono\/","title":{"rendered":"Da non perdere il Finissage della Mostra \u201cLa cura e l\u2019abbandono\u201d"},"content":{"rendered":"<h3>Fino al 28 novembre 2021 presso la sala polifunzionale dell\u2019Associazione Culturale VIBRA di Arona, sar\u00e0 possibile visionare e prenotare le opere della fotografa Sara Gorlini.<\/h3>\n<h4>Nell\u2019ultimo giorno della mostra, \u00e8 stato preparato il Finissage (fine mostra) con molte sorprese e partecipazioni importanti.<\/h4>\n<p><!--more--><\/p>\n<p><strong>Questa la scaletta: <\/strong><\/p>\n<p><strong>Ore 15.00<\/strong> Presentazione Associazione Culturale Vibra<\/p>\n<p><strong>Ore 15.20<\/strong> I Burattini di Chicco Colombo dialogano con la fotografa<\/p>\n<p><strong>Ore 15.45 <\/strong>Intervento dell\u2019Architetto Elena Bertinotti sul recupero e restauro delle sale al piano terra di Villa Nigra a Miasino NO<\/p>\n<p><strong>Ore 16.15 <\/strong>Visione Video Documentario restauro Villa Nigra<\/p>\n<p><strong>Ore 16.30<\/strong> Presentazione programma eventi e brindisi<\/p>\n<p>La Cura e l\u2019Abbandono \u00e8 un progetto che nasce nel 2017 come testimonianza di luoghi in abbandono tra la Lombardia e la Toscana.<\/p>\n<p>L\u2019interesse tuttavia per edifici dismessi e in decadenza nasce gi\u00e0 da molti anni e oggi \u00e8 diventato una mostra fotografica.<\/p>\n<p>L\u2019esposizione presenta 28 fotografie in bianco e nero che ritraggono aziende in disuso, abitazioni, casali e un manicomio, accompagnati talvolta dalla presenza dei burattini di Chicco Colombo, a simbolo di una presenza vitale che c\u2019\u00e8 stata e che ancora in qualche modo \u00e8 presente nei ricordi di chi li ha vissuti.<\/p>\n<p>Durante il finissage, Chiccco Colombo sar\u00e0 moderatore di dialogo tra la fotografa e i burattini che hanno posato per lei.<\/p>\n<p>Fissare nella memoria la vita che scorre. Restituire identit\u00e0 a luoghi dimenticati. Prendersi cura delle cose che sono ora e che non saranno pi\u00f9.<\/p>\n<p>\u201cFotografo per diletto, cosa che fa di me una fotografa dilettante. Uso prevalentemente il bianco e nero perch\u00e8 mi permette di dare corpo all\u2019emozione che mi suscita quello che fotografo, soprattutto luoghi di vita (vissuta o attuale) e persone.\u201d<\/p>\n<p>Preso blog della fotografa: <a href=\"http:\/\/www.saragorlini.wordpress.com\/\">www.saragorlini.wordpress.com<\/a><\/p>\n<p><em>Per l\u2019Associazione Culturale VIBRA \u00e8 stato un vero piacere iniziare (la sede \u00e8 stata inaugurata il 23 novembre 2021) con la mostra di Sara Gorlini, assieme a quella pittorica di ADA, \u201c83 anni al tempo del covid\u201d che rimarr\u00e0 fino al 31 dicembre 2021.<\/em><\/p>\n<p><em>Tutte le nostre attivit\u00e0 si dirigono verso gli obiettivi dell\u2019<strong>Agenda 2030<\/strong> in special modo per ci\u00f2 che riguarda la Cultura sostenibile e l\u2019inclusione.<\/em><\/p>\n<p><em>Siamo contenti di tutti i supporti ricevuti e delle proposte che giornalmente riceviamo, segno che siamo sulla giusta strada. <\/em><em>\u00a0<\/em><\/p>\n<p><em>La nostra intenzione \u00e8 a breve di aprire una grande campagna di tesseramenti in modo da dare la possibilit\u00e0 a chiunque di poter usufruire appieno della nostra struttura e attivit\u00e0<\/em>, <strong>dichiara Riccardo Reina Presidente di VIBRA.<\/strong><\/p>\n<p><strong>INFORMAZIONI<\/strong><\/p>\n<p>Prenotazione obbligatoria \u2013 Posti limitati<\/p>\n<p>+39 335 761 8489<\/p>\n<p><a href=\"mailto:direzione@vibra.site\">direzione@vibra.site<\/a><\/p>\n<p><a href=\"http:\/\/www.vibra.site\/\">www.vibra.site<\/a><\/p>\n<p>&nbsp;<\/p>\n<p><strong>Location:<\/strong><\/p>\n<p>Associazione Culturale VIBRA<\/p>\n<p>Arona Via Torino 23<\/p>\n<p>28041 NO<\/p>\n","protected":false},"excerpt":{"rendered":"<p>Fino al 28 novembre 2021 presso la sala polifunzionale dell\u2019Associazione Culturale VIBRA di Arona, sar\u00e0 possibile visionare e prenotare le opere della fotografa Sara Gorlini. Nell\u2019ultimo giorno della mostra, \u00e8 stato preparato il Finissage (fine mostra) con molte sorprese e partecipazioni importanti.<\/p>\n","protected":false},"author":6637,"featured_media":0,"comment_status":"open","ping_status":"open","sticky":false,"template":"","format":"standard","meta":{"footnotes":""},"categories":[3,4,8],"tags":[22014,898,31365,31363],"class_list":["post-63821","post","type-post","status-publish","format-standard","hentry","category-arte-e-cultura","category-attualita-e-societa","category-eventi","tag-arona","tag-mostra","tag-sara-gorlini","tag-vibra"],"_links":{"self":[{"href":"https:\/\/www.area-press.eu\/comunicatistampa\/wp-json\/wp\/v2\/posts\/63821","targetHints":{"allow":["GET"]}}],"collection":[{"href":"https:\/\/www.area-press.eu\/comunicatistampa\/wp-json\/wp\/v2\/posts"}],"about":[{"href":"https:\/\/www.area-press.eu\/comunicatistampa\/wp-json\/wp\/v2\/types\/post"}],"author":[{"embeddable":true,"href":"https:\/\/www.area-press.eu\/comunicatistampa\/wp-json\/wp\/v2\/users\/6637"}],"replies":[{"embeddable":true,"href":"https:\/\/www.area-press.eu\/comunicatistampa\/wp-json\/wp\/v2\/comments?post=63821"}],"version-history":[{"count":1,"href":"https:\/\/www.area-press.eu\/comunicatistampa\/wp-json\/wp\/v2\/posts\/63821\/revisions"}],"predecessor-version":[{"id":63822,"href":"https:\/\/www.area-press.eu\/comunicatistampa\/wp-json\/wp\/v2\/posts\/63821\/revisions\/63822"}],"wp:attachment":[{"href":"https:\/\/www.area-press.eu\/comunicatistampa\/wp-json\/wp\/v2\/media?parent=63821"}],"wp:term":[{"taxonomy":"category","embeddable":true,"href":"https:\/\/www.area-press.eu\/comunicatistampa\/wp-json\/wp\/v2\/categories?post=63821"},{"taxonomy":"post_tag","embeddable":true,"href":"https:\/\/www.area-press.eu\/comunicatistampa\/wp-json\/wp\/v2\/tags?post=63821"}],"curies":[{"name":"wp","href":"https:\/\/api.w.org\/{rel}","templated":true}]}}