{"id":6368,"date":"2016-02-17T16:28:09","date_gmt":"2016-02-17T15:28:09","guid":{"rendered":"http:\/\/www.area-press.eu\/comunicatistampa\/?p=6368"},"modified":"2016-02-17T16:28:09","modified_gmt":"2016-02-17T15:28:09","slug":"nomi-di-spicco-alla-gran-fondo-val-casies-bz-tariffe-agevolate-ancora-per-pochi-giorni","status":"publish","type":"post","link":"https:\/\/www.area-press.eu\/comunicatistampa\/2016\/02\/17\/nomi-di-spicco-alla-gran-fondo-val-casies-bz-tariffe-agevolate-ancora-per-pochi-giorni\/","title":{"rendered":"NOMI DI SPICCO ALLA GRAN FONDO VAL CASIES (BZ), TARIFFE AGEVOLATE ANCORA PER POCHI GIORNI"},"content":{"rendered":"<p>Sabato e domenica Gran Fondo Val Casies (BZ) in una vallata imbiancata<\/p>\n<p>Figurano tra gli iscritti parecchi volti noti dello sci di fondo<\/p>\n<p>Tra un paio di giorni le tariffe d\u2019iscrizione subiranno un leggero aumento<\/p>\n<p>Venerd\u00ec 26 febbraio Rai Sport trasmetter\u00e0 la manifestazione altoatesina<\/p>\n<p>&nbsp;<\/p>\n<p>&nbsp;<\/p>\n<p>Sar\u00e0, come si suol dire, una \u201cparata di stelle\u201d quella che sfiler\u00e0 sul manto innevato della Gran Fondo Val Casies, al via sabato 20 e domenica 21 febbraio, nel corso della 33.a edizione dell\u2019evento che sin dal 1984 ha \u201cinfiammato\u201d le nevi altoatesine senza mai una defezione, con le tradizionali sfide in tecnica classica il primo giorno e in tecnica libera la domenica. \u00c8 una Val Casies tutta bianca quella che attende i fondisti in arrivo da tutto il mondo.<\/p>\n<p>Fra i protagonisti della sfida al maschile ci saranno il bicampione olimpico e vincitore della Gran Fondo Val Casies 2015 Giorgio Di Centa, gli atleti della Repubblica Ceca Jiri Rocarek e Stanislav \u0158ez\u00e1\u010d, quest\u2019ultimo autentico fuoriclasse delle lunghe distanze, Thomas Steurer, 1\u00b0 classificato alla Gran Fondo Val Casies 2009, i tedeschi Eric Thomas ed Andy K\u00fchne, i promettenti Alan Martinelli e Fabio Clementi, l\u2019altoatesino Dietmar N\u00f6ckler, \u201ccompagno di successi\u201d di Federico Pellegrino nelle Team Sprint mondiali, Fulvio Scola, Mattia Pellegrin, il trentino Bruno Debertolis, recentemente protagonista alla Marcialonga di Fiemme e Fassa, nella quale \u00e8 riuscito ad ottenere il miglior piazzamento azzurro, Simone Paredi del CS Esercito e gli atleti della Forestale Mirco Bertolina, Claudio Muller, Paolo Fanton e Stefano Gardener.<\/p>\n<p>Fra le donne invece si notano tre vincitrici della scorsa Gran Fondo Val Casies, Natalia Zernova (vittoriosa nella 42 km TL), Barbara Felderer (30 km TC) e Renate Forstner (42 km TC), la ceca Katerina Smutna, vincitrice della Marcialonga 2015 e recentemente piazzatasi seconda per un soffio proprio alla 43.a edizione della manifestazione trentina, la regina 2014 della Gran Fondo Val Casies in tecnica classica Adela Boudikova, la giovane promessa veronese Debora Roncari assieme alla compagna di squadra Debora Agreiter, le fondiste delle Fiamme Oro Erica Antoniol e Sara Pellegrini, le tedesche Jessica M\u00fcller e Theresa Eichhorn e la finlandese Eeva Nurmi.<\/p>\n<p>Sono attesi molti altri \u201cnomi forti\u201d dello sci di fondo internazionale, la cui conferma definitiva dovrebbe concretizzarsi in prossimit\u00e0 dell\u2019evento, anche in vista dell\u2019allettante possibilit\u00e0 di gareggiare alla Coppa Italia Sportful, nella 30 km di domenica per le donne e nella 42 km per gli uomini. Una manifestazione arricchita dalla presenza di concorrenti provenienti da ben 33 nazioni, in competizioni valevoli per i circuiti Euroloppet, Italian Ranking e Mastertour.<\/p>\n<p>Il tracciato \u00e8 gi\u00e0 pronto e in ottime condizioni, anche grazie al lavoro dei 450 volontari che con grande passione sportiva si sono impegnati nel realizzare il tracciato della ski-marathon altoatesina.<\/p>\n<p>Due giornate all\u2019insegna dello sport e dello sci di fondo, sabato gare in tecnica classica di 30 e 42 km e MINI Val Casies per le categorie Baby (2007-2008), Cuccioli (2005-2006), Ragazzi (2003-2004), Allievi (2001-2002) ed Aspiranti (1999-2000), domenica sfide in tecnica libera sulle medesime distanze del sabato.<\/p>\n<p>Le quote di iscrizione ammontano, ancora per pochi giorni, a 47 euro per l\u2019iniziativa Just for Fun, 55 euro per le manifestazioni in tecnica classica, 56 euro per la tecnica libera ed 86 euro per entrambe. Dal 19 febbraio fino al giorno delle gare le cifre subiranno un leggero aumento che porter\u00e0 le quote rispettivamente a 59 euro per tecnica classica e libera, 97 euro per entrambe e 49 euro per la non competitiva Just for Fun.<\/p>\n<p>La ski-marathon altoatesina sar\u00e0 trasmessa su Rai Sport1 dalle 15.15 alle 16.15 nella giornata di venerd\u00ec 26 febbraio.<\/p>\n<p>Info: <a href=\"http:\/\/www.valcasies.com\/\">www.valcasies.com<\/a><\/p>\n","protected":false},"excerpt":{"rendered":"<p>Sabato e domenica Gran Fondo Val Casies (BZ) in una vallata imbiancata Figurano tra gli iscritti parecchi volti noti dello sci di fondo Tra un paio di giorni le tariffe d\u2019iscrizione subiranno un leggero aumento Venerd\u00ec 26 febbraio Rai Sport trasmetter\u00e0 la manifestazione altoatesina &nbsp; &nbsp; Sar\u00e0, come si suol dire, una \u201cparata di stelle\u201d [&hellip;]<\/p>\n","protected":false},"author":15,"featured_media":0,"comment_status":"open","ping_status":"open","sticky":false,"template":"","format":"standard","meta":{"footnotes":""},"categories":[15],"tags":[],"class_list":["post-6368","post","type-post","status-publish","format-standard","hentry","category-sport"],"_links":{"self":[{"href":"https:\/\/www.area-press.eu\/comunicatistampa\/wp-json\/wp\/v2\/posts\/6368","targetHints":{"allow":["GET"]}}],"collection":[{"href":"https:\/\/www.area-press.eu\/comunicatistampa\/wp-json\/wp\/v2\/posts"}],"about":[{"href":"https:\/\/www.area-press.eu\/comunicatistampa\/wp-json\/wp\/v2\/types\/post"}],"author":[{"embeddable":true,"href":"https:\/\/www.area-press.eu\/comunicatistampa\/wp-json\/wp\/v2\/users\/15"}],"replies":[{"embeddable":true,"href":"https:\/\/www.area-press.eu\/comunicatistampa\/wp-json\/wp\/v2\/comments?post=6368"}],"version-history":[{"count":1,"href":"https:\/\/www.area-press.eu\/comunicatistampa\/wp-json\/wp\/v2\/posts\/6368\/revisions"}],"predecessor-version":[{"id":6369,"href":"https:\/\/www.area-press.eu\/comunicatistampa\/wp-json\/wp\/v2\/posts\/6368\/revisions\/6369"}],"wp:attachment":[{"href":"https:\/\/www.area-press.eu\/comunicatistampa\/wp-json\/wp\/v2\/media?parent=6368"}],"wp:term":[{"taxonomy":"category","embeddable":true,"href":"https:\/\/www.area-press.eu\/comunicatistampa\/wp-json\/wp\/v2\/categories?post=6368"},{"taxonomy":"post_tag","embeddable":true,"href":"https:\/\/www.area-press.eu\/comunicatistampa\/wp-json\/wp\/v2\/tags?post=6368"}],"curies":[{"name":"wp","href":"https:\/\/api.w.org\/{rel}","templated":true}]}}