{"id":63522,"date":"2021-11-10T18:29:57","date_gmt":"2021-11-10T17:29:57","guid":{"rendered":"https:\/\/www.area-press.eu\/comunicatistampa\/?p=63522"},"modified":"2021-11-10T18:29:57","modified_gmt":"2021-11-10T17:29:57","slug":"italgas-paolo-gallo-nel-2022-costi-energia-verso-nuova-stabilizzazione","status":"publish","type":"post","link":"https:\/\/www.area-press.eu\/comunicatistampa\/2021\/11\/10\/italgas-paolo-gallo-nel-2022-costi-energia-verso-nuova-stabilizzazione\/","title":{"rendered":"Italgas, Paolo Gallo: \u201cNel 2022 costi energia verso nuova stabilizzazione\u201d"},"content":{"rendered":"<p><em><strong>Verona, l&#8217;AD di Italgas <a title=\"Paolo Gallo: la carriera - Executive Manager\" href=\"https:\/\/www.executivemanager.it\/Paolo-Gallo\/\">Paolo Gallo<\/a> tra i relatori del XIV Forum Eurasiatico: al centro del suo intervento transizione green e andamento dei prezzi dell&#8217;energia.<\/strong><\/em><\/p>\n<p><a title=\"Paolo Gallo: il percorso professionale - Executive Manager\" href=\"https:\/\/www.executivemanager.it\/Paolo-Gallo\/\"><img decoding=\"async\" src=\"https:\/\/www.executivemanager.it\/images\/comprofiler\/0_604f47c027074.jpg\" alt=\"Paolo Gallo\" width=\"120\" \/><\/a><\/p>\n<h2>Forum Verona, l&#8217;intervento di Paolo Gallo al panel su gas naturale e green economy<\/h2>\n<p>Il caro energia degli ultimi mesi \u00e8 un fenomeno destinato a normalizzarsi entro il prossimo anno. Di conseguenza, anche le bollette di luce e gas tenderanno a stabilizzarsi. Ne \u00e8 sicuro l&#8217;Amministratore Delegato di Italgas <strong>Paolo Gallo<\/strong>. Il manager \u00e8 intervenuto alla XIV edizione del Forum Eurasiatico, tenutasi a Verona lo scorso 28 e 29 ottobre. <em>&#8220;Ritengo che la situazione attuale legata al caro energia<\/em> &#8211; ha dichiarato l&#8217;AD alla tavola rotonda dal titolo &#8216;Il gas naturale e la green economy&#8217; &#8211; <em>sia il risultato e la coincidenza di una serie di eventi contestuali&#8221;<\/em>. Tra questi l&#8217;aumento della domanda dovuto alla ripresa delle attivit\u00e0 e le difficolt\u00e0 affrontate da alcuni Paesi produttori di gas, come ad esempio la Russia. L&#8217;AD di Italgas si dice tuttavia ottimista per il futuro: <em>&#8220;Mi aspetto che nel 2022 torneremo grosso modo sui livelli di costo e di consumo dell&#8217;energia pre pandemia. Se non proprio quelli del 2019<\/em> &#8211; ha aggiunto <strong>Paolo Gallo<\/strong> &#8211; <em>andremo probabilmente verso una nuova stabilizzazione&#8221;<\/em>.<\/p>\n<h2>Paolo Gallo (Italgas): transizione, un viaggio che durer\u00e0 30 anni<\/h2>\n<p>Tra i fattori che contribuiranno alla normalizzazione dei prezzi, secondo l&#8217;AD, anche la transizione green: <em>&#8220;Per quanto riguarda la transizione energetica, abbiamo iniziato un lungo viaggio che durer\u00e0 30 anni<\/em> &#8211; ha sottolineato <a title=\"Paolo Gallo: la biografia - Executive Manager\" href=\"https:\/\/www.executivemanager.it\/Paolo-Gallo\/\">Paolo Gallo<\/a> &#8211; <em>e come in ogni grande percorso si possono avere delle difficolt\u00e0 e dei problemi&#8221;<\/em>. Nel suo intervento l&#8217;AD di Italgas si \u00e8 poi soffermato sull&#8217;importanza di un&#8217;altra transizione, quella digitale, che il manager ha definito <em>&#8220;precondizione tecnica&#8221;<\/em> di quella sostenibile. Il Gruppo \u00e8 attualmente alle prese con un progetto da oltre due miliardi di euro e che durer\u00e0 fino al 2022: l&#8217;obiettivo \u00e8 digitalizzare il proprio network. Un&#8217;infrastruttura completamente digitalizzata \u00e8 infatti oggi indispensabile, soprattutto in previsione dell&#8217;arrivo di gas rinnovabili come idrogeno, biometano e metano sintetico: <em>&#8220;Il percorso che ci attende \u00e8 abbastanza chiaro<\/em> &#8211; ha detto <strong>Paolo Gallo<\/strong> &#8211; <em>e il gas naturale giocher\u00e0 un ruolo chiave per sostenere il processo di decarbonizzazione&#8221;<\/em>.<\/p>\n","protected":false},"excerpt":{"rendered":"<p>Verona, l&#8217;AD di Italgas Paolo Gallo tra i relatori del XIV Forum Eurasiatico: al centro del suo intervento transizione green e andamento dei prezzi dell&#8217;energia. Forum Verona, l&#8217;intervento di Paolo Gallo al panel su gas naturale e green economy Il caro energia degli ultimi mesi \u00e8 un fenomeno destinato a normalizzarsi entro il prossimo anno. [&hellip;]<\/p>\n","protected":false},"author":6899,"featured_media":0,"comment_status":"open","ping_status":"open","sticky":false,"template":"","format":"standard","meta":{"footnotes":""},"categories":[7],"tags":[29742],"class_list":["post-63522","post","type-post","status-publish","format-standard","hentry","category-economia-e-finanza","tag-paolo-gallo"],"_links":{"self":[{"href":"https:\/\/www.area-press.eu\/comunicatistampa\/wp-json\/wp\/v2\/posts\/63522","targetHints":{"allow":["GET"]}}],"collection":[{"href":"https:\/\/www.area-press.eu\/comunicatistampa\/wp-json\/wp\/v2\/posts"}],"about":[{"href":"https:\/\/www.area-press.eu\/comunicatistampa\/wp-json\/wp\/v2\/types\/post"}],"author":[{"embeddable":true,"href":"https:\/\/www.area-press.eu\/comunicatistampa\/wp-json\/wp\/v2\/users\/6899"}],"replies":[{"embeddable":true,"href":"https:\/\/www.area-press.eu\/comunicatistampa\/wp-json\/wp\/v2\/comments?post=63522"}],"version-history":[{"count":1,"href":"https:\/\/www.area-press.eu\/comunicatistampa\/wp-json\/wp\/v2\/posts\/63522\/revisions"}],"predecessor-version":[{"id":63523,"href":"https:\/\/www.area-press.eu\/comunicatistampa\/wp-json\/wp\/v2\/posts\/63522\/revisions\/63523"}],"wp:attachment":[{"href":"https:\/\/www.area-press.eu\/comunicatistampa\/wp-json\/wp\/v2\/media?parent=63522"}],"wp:term":[{"taxonomy":"category","embeddable":true,"href":"https:\/\/www.area-press.eu\/comunicatistampa\/wp-json\/wp\/v2\/categories?post=63522"},{"taxonomy":"post_tag","embeddable":true,"href":"https:\/\/www.area-press.eu\/comunicatistampa\/wp-json\/wp\/v2\/tags?post=63522"}],"curies":[{"name":"wp","href":"https:\/\/api.w.org\/{rel}","templated":true}]}}