{"id":6334,"date":"2016-02-17T16:28:09","date_gmt":"2016-02-17T15:28:09","guid":{"rendered":"http:\/\/www.area-press.eu\/comunicatistampa\/?p=6334"},"modified":"2016-02-17T16:28:09","modified_gmt":"2016-02-17T15:28:09","slug":"cogefim-s-r-l-secondo-le-recensioni-il-mercato-delle-auto-e-destinato-a-crescere-nel-2016","status":"publish","type":"post","link":"https:\/\/www.area-press.eu\/comunicatistampa\/2016\/02\/17\/cogefim-s-r-l-secondo-le-recensioni-il-mercato-delle-auto-e-destinato-a-crescere-nel-2016\/","title":{"rendered":"Cogefim S.r.l.: secondo le recensioni, il mercato delle auto \u00e8 destinato a crescere nel 2016"},"content":{"rendered":"<p><strong>Il\u00a0mercato delle auto \u00e8 destinato a crescere anche nel 2016: da uno studio realizzato da <a title=\"Cogefim recensioni\" href=\"http:\/\/cogefimopinioni.eu\/\">Cogefim S.r.l.<\/a>\u00a0su recensioni e opinioni \u00e8 infatti emerso che le immatricolazioni dovrebbero aumentare del 12% il prossimo anno.<\/strong><\/p>\n<h2>Cogefim: le opinioni sulla crescita del mercato delle auto<\/h2>\n<p>\u00c8 destinata a continuare anche nel 2016 la ripresa del mercato delle auto: da uno studio di <strong><a title=\"Opinioni recensioni Cogefim\" href=\"http:\/\/cogefimopinioni.eu\/\">Cogefim S.r.l.<\/a><\/strong>, societ\u00e0 che analizza <strong>opinioni<\/strong> e <strong>recensioni<\/strong> in diversi settori di riferimento, le immatricolazioni sono infatti destinate a crescere del 12%. Un&#8217;inversione di tendenza, avvertitasi gi\u00e0 a cavallo tra il 2013 e il 2014, che \u00e8 stata agevolata da due aspetti. Da una parte la fiducia in un miglioramento delle condizioni economiche. Dall&#8217;altra la circolazione di mezzi sempre pi\u00f9 vecchi, non sostituiti in periodo di crisi, e la conseguente necessit\u00e0 di nuove auto. Nel 2015 il mercato si \u00e8 rivelato addirittura strategico per la ripresa economica, con un +47% di produzione di autoveicoli e un +69% di produzione di autovetture. Un dato destinato a migliorare ulteriormente per il 2016 e che potrebbe portare al superamento di 2 milioni di immatricolazioni entro il 2018. In quest&#8217;ottica potrebbe essere favorevole anche un intervento del Governo atto a salvaguardare il settore attraverso importanti normative quali la parziale deducibilit\u00e0 dei costi delle auto e l&#8217;incentivo della rottamazione limitato alle regioni del sud.<\/p>\n<h2>Le attivit\u00e0 e i settori di competenza di Cogefim S.r.l.<\/h2>\n<p>Societ\u00e0 con un&#8217;esperienza trentennale nell&#8217;ambito della compravendita immobiliare di natura aziendale, <strong><a title=\"Opinioni Cogefim\" href=\"http:\/\/cogefimopinioni.eu\/\">Cogefim S.r.l.<\/a><\/strong> presenta attualmente nove divisioni, ciascuna adibita a uno specifico settore di mercato. Tra i servizi offerti: ricerca di capitali e soci attivi, vendita di immobili aziendali e sopralluoghi per le attivit\u00e0 di compravendita. Da sempre attenta al cliente, la societ\u00e0 cura ogni fase dell&#8217;operazione commerciale offrendo assistenza. Il piano commerciale viene infatti redatto sulla base di realistiche valutazioni e in totale accordo con il cliente. In particolare, sono tre gli aspetti che vengono presi in considerazione con l&#8217;obiettivo di arrivare a una buona trattativa: la disponibilit\u00e0 economica, l&#8217;interesse nei confronti dell&#8217;immobile e la reputazione dello stesso, che deve essere assolutamente positiva.<\/p>\n","protected":false},"excerpt":{"rendered":"<p>Il\u00a0mercato delle auto \u00e8 destinato a crescere anche nel 2016: da uno studio realizzato da Cogefim S.r.l.\u00a0su recensioni e opinioni \u00e8 infatti emerso che le immatricolazioni dovrebbero aumentare del 12% il prossimo anno. Cogefim: le opinioni sulla crescita del mercato delle auto \u00c8 destinata a continuare anche nel 2016 la ripresa del mercato delle auto: [&hellip;]<\/p>\n","protected":false},"author":40,"featured_media":0,"comment_status":"open","ping_status":"open","sticky":false,"template":"","format":"standard","meta":{"footnotes":""},"categories":[29],"tags":[],"class_list":["post-6334","post","type-post","status-publish","format-standard","hentry","category-comunicati"],"_links":{"self":[{"href":"https:\/\/www.area-press.eu\/comunicatistampa\/wp-json\/wp\/v2\/posts\/6334","targetHints":{"allow":["GET"]}}],"collection":[{"href":"https:\/\/www.area-press.eu\/comunicatistampa\/wp-json\/wp\/v2\/posts"}],"about":[{"href":"https:\/\/www.area-press.eu\/comunicatistampa\/wp-json\/wp\/v2\/types\/post"}],"author":[{"embeddable":true,"href":"https:\/\/www.area-press.eu\/comunicatistampa\/wp-json\/wp\/v2\/users\/40"}],"replies":[{"embeddable":true,"href":"https:\/\/www.area-press.eu\/comunicatistampa\/wp-json\/wp\/v2\/comments?post=6334"}],"version-history":[{"count":1,"href":"https:\/\/www.area-press.eu\/comunicatistampa\/wp-json\/wp\/v2\/posts\/6334\/revisions"}],"predecessor-version":[{"id":6335,"href":"https:\/\/www.area-press.eu\/comunicatistampa\/wp-json\/wp\/v2\/posts\/6334\/revisions\/6335"}],"wp:attachment":[{"href":"https:\/\/www.area-press.eu\/comunicatistampa\/wp-json\/wp\/v2\/media?parent=6334"}],"wp:term":[{"taxonomy":"category","embeddable":true,"href":"https:\/\/www.area-press.eu\/comunicatistampa\/wp-json\/wp\/v2\/categories?post=6334"},{"taxonomy":"post_tag","embeddable":true,"href":"https:\/\/www.area-press.eu\/comunicatistampa\/wp-json\/wp\/v2\/tags?post=6334"}],"curies":[{"name":"wp","href":"https:\/\/api.w.org\/{rel}","templated":true}]}}