{"id":6333,"date":"2016-02-17T16:28:09","date_gmt":"2016-02-17T15:28:09","guid":{"rendered":"http:\/\/www.area-press.eu\/comunicatistampa\/?p=6333"},"modified":"2018-10-28T18:26:32","modified_gmt":"2018-10-28T17:26:32","slug":"fondo-di-integrazione-salariale-studio-borghi-presenta-le-ultime-disposizioni","status":"publish","type":"post","link":"https:\/\/www.area-press.eu\/comunicatistampa\/2016\/02\/17\/fondo-di-integrazione-salariale-studio-borghi-presenta-le-ultime-disposizioni\/","title":{"rendered":"Fondo di integrazione salariale: Studio Borghi presenta le ultime disposizioni"},"content":{"rendered":"<p>17 febbraio 2016 &#8211; Studio Borghi Srl, specializzato in <a href=\"http:\/\/www.studio-borghi.it\/consulenza-del-lavoro\/consulenza-del-lavoro-milano.html\">consulenza del lavoro <\/a>con sede a Milano e che opera nel settore dei consulenti del lavoro ed elaborazione paghe e contributi con aziende attive su tutto il territorio nazionale, informa sulle ultime novit\u00e0 riguardanti il Fondo di integrazione salariale.<\/p>\n<p>L\u2019Inps, con il messaggio n. 548 dell\u20198 febbraio 2016, ha reso noto che a decorrere dalla mensilit\u00e0 di febbraio 2016, la procedura Uniemens inserir\u00e0 gli apprendisti nel computo della media di pi\u00f9 di quindici dipendenti nel semestre precedente, ai fini dell\u2019applicazione delle nuove regole di cui al d.lgs. n. 148\/2015 ai soggetti gi\u00e0 iscritti al Fondo di solidariet\u00e0 residuale (dal 1\u00b0 gennaio 2016 Fondo di integrazione salariale<\/p>\n<p>Sul sito web di Studio Borghi srl, online su <a href=\"http:\/\/www.studio-borghi.it\/\">www.studio-borghi.it<\/a>, \u00e8 possibile trovare informazioni nell&#8217;ambito del diritto del lavoro; inoltre lo studio offre consulenze di alto circa l&#8217;elaborazione paghe e contributi, gestione risorse umane e amministrazione del personale.<\/p>\n<p>Studio Borghi Srl<\/p>\n","protected":false},"excerpt":{"rendered":"<p>17 febbraio 2016 &#8211; Studio Borghi Srl, specializzato in consulenza del lavoro con sede a Milano e che opera nel settore dei consulenti del lavoro ed elaborazione paghe e contributi con aziende attive su tutto il territorio nazionale, informa sulle ultime novit\u00e0 riguardanti il Fondo di integrazione salariale. L\u2019Inps, con il messaggio n. 548 dell\u20198 [&hellip;]<\/p>\n","protected":false},"author":2127,"featured_media":0,"comment_status":"open","ping_status":"open","sticky":false,"template":"","format":"standard","meta":{"footnotes":""},"categories":[29],"tags":[],"class_list":["post-6333","post","type-post","status-publish","format-standard","hentry","category-comunicati"],"_links":{"self":[{"href":"https:\/\/www.area-press.eu\/comunicatistampa\/wp-json\/wp\/v2\/posts\/6333","targetHints":{"allow":["GET"]}}],"collection":[{"href":"https:\/\/www.area-press.eu\/comunicatistampa\/wp-json\/wp\/v2\/posts"}],"about":[{"href":"https:\/\/www.area-press.eu\/comunicatistampa\/wp-json\/wp\/v2\/types\/post"}],"author":[{"embeddable":true,"href":"https:\/\/www.area-press.eu\/comunicatistampa\/wp-json\/wp\/v2\/users\/2127"}],"replies":[{"embeddable":true,"href":"https:\/\/www.area-press.eu\/comunicatistampa\/wp-json\/wp\/v2\/comments?post=6333"}],"version-history":[{"count":3,"href":"https:\/\/www.area-press.eu\/comunicatistampa\/wp-json\/wp\/v2\/posts\/6333\/revisions"}],"predecessor-version":[{"id":35562,"href":"https:\/\/www.area-press.eu\/comunicatistampa\/wp-json\/wp\/v2\/posts\/6333\/revisions\/35562"}],"wp:attachment":[{"href":"https:\/\/www.area-press.eu\/comunicatistampa\/wp-json\/wp\/v2\/media?parent=6333"}],"wp:term":[{"taxonomy":"category","embeddable":true,"href":"https:\/\/www.area-press.eu\/comunicatistampa\/wp-json\/wp\/v2\/categories?post=6333"},{"taxonomy":"post_tag","embeddable":true,"href":"https:\/\/www.area-press.eu\/comunicatistampa\/wp-json\/wp\/v2\/tags?post=6333"}],"curies":[{"name":"wp","href":"https:\/\/api.w.org\/{rel}","templated":true}]}}