{"id":6331,"date":"2016-02-17T16:28:09","date_gmt":"2016-02-17T15:28:09","guid":{"rendered":"http:\/\/www.area-press.eu\/comunicatistampa\/?p=6331"},"modified":"2016-02-17T16:28:09","modified_gmt":"2016-02-17T15:28:09","slug":"ale-la-merckx-granfondo-verona-per-tutti-i-gusti-spettacolo-anche-per-chi-non-fara-la-gara","status":"publish","type":"post","link":"https:\/\/www.area-press.eu\/comunicatistampa\/2016\/02\/17\/ale-la-merckx-granfondo-verona-per-tutti-i-gusti-spettacolo-anche-per-chi-non-fara-la-gara\/","title":{"rendered":"AL\u00c9 LA MERCKX \u2013 GRANFONDO VERONA PER TUTTI I GUSTI, SPETTACOLO ANCHE PER CHI NON FAR\u00c0 LA GARA"},"content":{"rendered":"<p>Al\u00e9 La Merckx \u2013 Granfondo Verona allo start il 12 giugno<\/p>\n<p>Tour gratuito fra le bellezze scaligere con partenza dall\u2019Arena di Verona<\/p>\n<p>Itinerari di 85 km con 1380 metri di dislivello e 136 km con 2640 metri di dislivello<\/p>\n<p>Quota d\u2019iscrizione fissata a 35 euro sino a fine mese<\/p>\n<p>&nbsp;<\/p>\n<p>&nbsp;<\/p>\n<p>Al\u00e9 La Merckx \u2013 Granfondo Verona del 12 giugno non offrir\u00e0 unicamente una manifestazione ciclistica degna di nota, bens\u00ec una serie di sfiziose ed allettanti iniziative, tra le quali spicca un tour guidato completamente gratuito per chi non parteciper\u00e0 alla gara e magari vorr\u00e0 intrattenersi aspettando il proprio partner impegnato a competere nella citt\u00e0 dell\u2019amore.<\/p>\n<p>La gita avr\u00e0 luogo nella stessa mattinata della competizione ufficiale, camminando fra i monumenti storici e le attrazioni scaligere nel corso di una visita a disposizione sia in lingua italiana che inglese. Si partir\u00e0 da Piazza Br\u00e0 alle ore 8.30, prima di recarsi in Via Cappello alla casa di Giulietta, una vicenda, quella shakespeariana, divenuta nel corso degli anni archetipo dell&#8217;amore perfetto avversato dalla societ\u00e0. Si proseguir\u00e0 verso via Sottoriva, uno dei viali pi\u00f9 suggestivi della citt\u00e0 veronese e il cui nome deriva proprio dalla posizione in cui \u00e8 ubicata la via, nel corso di una passeggiata romantica che seguir\u00e0 il fluire dell\u2019Adige. Corso Sant\u2019Anastasia far\u00e0 arrivare la comitiva all\u2019omonima Chiesa, giungendo poi alla casa di Romeo e alle Arche scaligere. Le tappe successive del tour saranno Piazza Erbe e Porta Borsari, sino a toccare lo spettacolare scenario di Castelvecchio, che regaler\u00e0 uno squarcio di assoluto prestigio e meraviglia prima di concludere la visita al Palazzo della Gran Guardia, a pochi passi dall\u2019Arena di Verona, medesima location che ospiter\u00e0 lo sfizioso riso party finale di Al\u00e9 La Merckx \u2013 Granfondo Verona.<\/p>\n<p>Il tour avr\u00e0 una durata di circa due ore e come detto, sar\u00e0 assolutamente \u2018free\u2019. Per partecipare baster\u00e0 mandare una mail che attesti la propria presenza all\u2019indirizzo mail commerciale2@apgcycling.com.<\/p>\n<p>La competizione ufficiale del mondo Al\u00e9 ha recentemente svelato gli itinerari che animeranno l\u2019edizione 2016, i quali si suddivideranno in percorso \u2018medio\u2019 di 85 km e 1380 metri di dislivello e percorso \u2018lungo\u2019 di 136 km e 2640 metri di dislivello, entrambi con partenza da Piazza Br\u00e0 e ritorno a Verona dopo aver affrontato i territori della Valpolicella e della Lessinia.<\/p>\n<p>Sino al 29 febbraio la quota d\u2019iscrizione sar\u00e0 di 35 euro, dopodich\u00e9 subir\u00e0 un lieve innalzamento. La tariffa comprende anche un sostanzioso pacco gara, all\u2019interno del quale spiccher\u00e0 un giubbino tecnico waterproof antivento a manica lunga, realizzato con materiale altamente traspirante e performante con membrana E-vent prodotto da Al\u00e9, un capo eccezionale da portare con s\u00e9 in ogni stagione, in grado di assicurare agli atleti la massima protezione dagli agenti atmosferici avversi.<\/p>\n<p>La manifestazione far\u00e0 parte del circuito Al\u00e9 Challenge.<\/p>\n<p>Info: <a href=\"http:\/\/www.granfondoeddymerckx.com\/\">www.granfondoeddymerckx.com<\/a><\/p>\n","protected":false},"excerpt":{"rendered":"<p>Al\u00e9 La Merckx \u2013 Granfondo Verona allo start il 12 giugno Tour gratuito fra le bellezze scaligere con partenza dall\u2019Arena di Verona Itinerari di 85 km con 1380 metri di dislivello e 136 km con 2640 metri di dislivello Quota d\u2019iscrizione fissata a 35 euro sino a fine mese &nbsp; &nbsp; Al\u00e9 La Merckx \u2013 [&hellip;]<\/p>\n","protected":false},"author":15,"featured_media":0,"comment_status":"open","ping_status":"open","sticky":false,"template":"","format":"standard","meta":{"footnotes":""},"categories":[15],"tags":[],"class_list":["post-6331","post","type-post","status-publish","format-standard","hentry","category-sport"],"_links":{"self":[{"href":"https:\/\/www.area-press.eu\/comunicatistampa\/wp-json\/wp\/v2\/posts\/6331","targetHints":{"allow":["GET"]}}],"collection":[{"href":"https:\/\/www.area-press.eu\/comunicatistampa\/wp-json\/wp\/v2\/posts"}],"about":[{"href":"https:\/\/www.area-press.eu\/comunicatistampa\/wp-json\/wp\/v2\/types\/post"}],"author":[{"embeddable":true,"href":"https:\/\/www.area-press.eu\/comunicatistampa\/wp-json\/wp\/v2\/users\/15"}],"replies":[{"embeddable":true,"href":"https:\/\/www.area-press.eu\/comunicatistampa\/wp-json\/wp\/v2\/comments?post=6331"}],"version-history":[{"count":1,"href":"https:\/\/www.area-press.eu\/comunicatistampa\/wp-json\/wp\/v2\/posts\/6331\/revisions"}],"predecessor-version":[{"id":6332,"href":"https:\/\/www.area-press.eu\/comunicatistampa\/wp-json\/wp\/v2\/posts\/6331\/revisions\/6332"}],"wp:attachment":[{"href":"https:\/\/www.area-press.eu\/comunicatistampa\/wp-json\/wp\/v2\/media?parent=6331"}],"wp:term":[{"taxonomy":"category","embeddable":true,"href":"https:\/\/www.area-press.eu\/comunicatistampa\/wp-json\/wp\/v2\/categories?post=6331"},{"taxonomy":"post_tag","embeddable":true,"href":"https:\/\/www.area-press.eu\/comunicatistampa\/wp-json\/wp\/v2\/tags?post=6331"}],"curies":[{"name":"wp","href":"https:\/\/api.w.org\/{rel}","templated":true}]}}