{"id":62696,"date":"2021-10-05T16:38:07","date_gmt":"2021-10-05T14:38:07","guid":{"rendered":"https:\/\/www.area-press.eu\/comunicatistampa\/?p=62696"},"modified":"2021-10-22T17:57:36","modified_gmt":"2021-10-22T15:57:36","slug":"mostra-collettiva-internazionale-la-follia-della-ragione","status":"publish","type":"post","link":"https:\/\/www.area-press.eu\/comunicatistampa\/2021\/10\/05\/mostra-collettiva-internazionale-la-follia-della-ragione\/","title":{"rendered":"Mostra collettiva internazionale La Follia della Ragione"},"content":{"rendered":"<p align=\"CENTER\">\u201c<span style=\"font-size: small\"><b>LA FOLLIA DELLA RAGIONE\u201d<\/b><\/span><\/p>\n<p align=\"CENTER\"><span style=\"font-size: small\"><b>Mostra Collettiva Internazionale<\/b><\/span><\/p>\n<p align=\"CENTER\"><span style=\"font-size: small\"><b>Presentazione dello Storico e Critico d&#8217;Arte Prof. Giorgio Grasso<\/b><\/span><\/p>\n<p align=\"CENTER\"><span style=\"font-size: small\"><b>Evento a cura del Critico d&#8217;Arte Maria Palladino<\/b><\/span><\/p>\n<p align=\"CENTER\"><span style=\"font-size: small\"><b>Inaugurazione Sabato 16 Ottobre ore 16:00<\/b><\/span><\/p>\n<p align=\"JUSTIFY\">\u201c<span style=\"font-size: small\">La Follia della Ragione\u201d esplora il dilemma insolvibile della conoscibilit\u00e0 del reale e della traduzione di questo attraverso l&#8217;opera d&#8217;arte, e il genio di chi si fa carico della responsabilit\u00e0 di esserne interprete.<\/span><\/p>\n<p align=\"JUSTIFY\"><span style=\"font-size: small\">Fin da tempi ancestrali l&#8217;artista portava in s\u00e9 il marchio di una doppia identit\u00e0: quella di veggente e profeta, ispirato da una natura superiore e in grado di propiziare eventi fausti, e quella di folle e dissennato operatore di un processo creativo incomprensibile, tale da suscitare timore e determinare talora il suo allontanamento dalla comunit\u00e0. <\/span><\/p>\n<p align=\"JUSTIFY\"><span style=\"font-size: small\">A tutt&#8217;oggi il procedimento che conduce alla nascita di un&#8217;opera d&#8217;arte conserva intatto il mistero di qualcosa che si origina e si sviluppa al di l\u00e0 dei canoni dell&#8217;intelletto, affondando le sue radici in una selva di segni e simboli che si annidano nell&#8217;inconscio, e che permettono lo sviluppo di un&#8217;originale universo espressivo. L&#8217;inconscio \u201cpersonale\u201d e \u201ccollettivo\u201d di Jung costituisce una valida spiegazione in questo senso: determinando da una parte la sedimentazione delle esperienze individuali di cui non si conserva memoria, e dall&#8217;altra definendo il portato collettivo degli \u201carchetipi\u201d ovvero quelle categorie universali degli affetti comuni all&#8217;intera specie e che vanno oltre il nostro vissuto singolare, per risalire ai primordi.<\/span><\/p>\n<p align=\"JUSTIFY\"><span style=\"font-size: small\">Tutto questo \u00e8 materia ispiratrice per l&#8217;artista, che, sempre secondo Jung, attinge a tale sorgente immaginifica fruendo di allucinazioni che gli consentono di connettersi a questa dimensione della psiche, sia personale che universale: \u201cSpesso accade che le mani sappiano svelare un segreto attorno a cui l&#8217;intelletto si affanna inutilmente\u201d. <\/span><\/p>\n<p align=\"JUSTIFY\"><span style=\"font-size: small\">Ciascuno attraverso le sue proprie figure retoriche, grafemi, forme, soluzioni cromatiche e stilistiche, d\u00e0 vita ad un originale alfabeto che ne porta alla luce il mondo interiore e lo mette a confronto con l&#8217;altro, per operare un rispecchiamento, per riconoscere e offrire gli strumenti per riconoscersi, in uno scambio talora chiarificante, talora sottilmente intuitivo, ma comunque edificante e coadiuvante nella ricerca di un equilibrio fra opposte tensioni e sbilanciamenti, che si generano essenzialmente nell&#8217;infanzia e lasciano la loro impronta permanente in ciascuno di noi.<\/span><\/p>\n<p align=\"JUSTIFY\"><span style=\"font-size: small\">Se non \u00e8 possibile in definitiva una visione univoca della realt\u00e0, e la presa di coscienza di una verit\u00e0 ultima delle cose, attraverso l&#8217;arte e la creativit\u00e0 l&#8217;individuo ha l&#8217;opportunit\u00e0 di liberarsi, almeno momentaneamente, dei suoi fardelli interiori e trasmettere questa condizione di meditativo sollievo a chi guarda e pu\u00f2 apprezzare il portato emotivo e culturale del prodotto artistico.<\/span><\/p>\n<p align=\"JUSTIFY\"><span style=\"font-size: small\">A rafforzamento di questa tesi l&#8217;\u201dElogio della follia\u201d, saggio redatto in latino, nel 1509, dal filosofo e teologo umanista olandese Erasmo da Rotterdam, per cui \u00e8 la follia stessa ad arrivare in soccorso degli uomini, in tutte quelle situazioni della vita in cui la razionalit\u00e0 e la logica renderebbero troppo gravoso il vivere quotidiano, e l&#8217;accettazione di condizioni condivise e per nulla spiacevoli se affrontate con una condotta non troppo rigida, statica e lineare.<\/span><\/p>\n<p align=\"JUSTIFY\"><span style=\"font-family: Times New Roman, serif\"><span style=\"font-size: small\">In esposizione opere degli artisti:<\/span><\/span><\/p>\n<p align=\"JUSTIFY\"><span style=\"font-family: Times New Roman, serif\"><span style=\"font-size: small\">Alexandra Van Der Leeuw, Anna Tedone, Barbara Zaccheo, Catello Esposito, Domenico Zullo, Fiorella Brenna, Floarea Tutuianu, Giorgio Trinciarelli, Giovanna Cutrone, Giovanni Mauceri, Giuseppe Ariu, Letizia Novelli, Lisa Sabbadini, Malugho, Marco Bagatin, Mariagrazia Zanetti, Monica Isabella Bonaventura, Noel B., Orietta Sartori, Paola Emanuela Salvestrini, Paolo Scafetti, Piergiorgio Dess\u00ec, Riccardo Passuello, G<\/span><\/span><strong><span style=\"color: #000000\"><span style=\"font-family: Times New Roman, serif\"><span style=\"font-size: small\">\u00f6<\/span><\/span><\/span><\/strong><span style=\"font-family: Times New Roman, serif\"><span style=\"font-size: small\">rlig Stig, Valeria Disabato, Vesna Faiazza.<\/span><\/span><\/p>\n<p align=\"JUSTIFY\"><span style=\"font-size: small\"><b>Durante l&#8217;inaugurazione, avr\u00e0 luogo un intervento dello Psichiatra Dott. Giorgio Trinciarelli, sul tema \u201cArte e psiche, alcune riflessioni\u201d .<\/b><\/span><\/p>\n<p align=\"JUSTIFY\"><span style=\"font-size: small\"><b>Venice Art Gallery, Calle del Tragheto 2799, Dorsoduro (fra Campo San Barnaba e Ca&#8217; Rezzonico).<\/b><\/span><\/p>\n<p align=\"JUSTIFY\"><span style=\"font-size: small\"><b>La mostra rester\u00e0 visitabile fino al 30 Ottobre.<\/b><\/span><\/p>\n<p align=\"JUSTIFY\"><span style=\"font-size: small\"><b>Orari<\/b> <b>di<\/b> <b>apertura: marted\u00ec \u2013 domenica 15:00 \u2013 19:00. Ingresso libero nel rispetto delle attuali norme anti-Covid.<\/b><\/span><\/p>\n<p align=\"JUSTIFY\"><span style=\"font-size: small\"><b>Per informazioni:<\/b><\/span><\/p>\n<p align=\"JUSTIFY\"><span style=\"font-size: small\"><b>Maria Palladino<\/b><\/span><\/p>\n<p align=\"JUSTIFY\"><span style=\"font-size: small\"><b>3341695479 <\/b><\/span><\/p>\n<p align=\"JUSTIFY\"><span style=\"font-size: small\"><b>audramsa@outlook.it <\/b><\/span><\/p>\n","protected":false},"excerpt":{"rendered":"<p>\u201cLA FOLLIA DELLA RAGIONE\u201d Mostra Collettiva Internazionale Presentazione dello Storico e Critico d&#8217;Arte Prof. Giorgio Grasso Evento a cura del Critico d&#8217;Arte Maria Palladino Inaugurazione Sabato 16 Ottobre ore 16:00 \u201cLa Follia della Ragione\u201d esplora il dilemma insolvibile della conoscibilit\u00e0 del reale e della traduzione di questo attraverso l&#8217;opera d&#8217;arte, e il genio di chi [&hellip;]<\/p>\n","protected":false},"author":7166,"featured_media":0,"comment_status":"open","ping_status":"open","sticky":false,"template":"","format":"standard","meta":{"footnotes":""},"categories":[18,3,8,17],"tags":[30994],"class_list":["post-62696","post","type-post","status-publish","format-standard","hentry","category-altri-vari","category-arte-e-cultura","category-eventi","category-turismo","tag-mostre-a-venezia"],"_links":{"self":[{"href":"https:\/\/www.area-press.eu\/comunicatistampa\/wp-json\/wp\/v2\/posts\/62696","targetHints":{"allow":["GET"]}}],"collection":[{"href":"https:\/\/www.area-press.eu\/comunicatistampa\/wp-json\/wp\/v2\/posts"}],"about":[{"href":"https:\/\/www.area-press.eu\/comunicatistampa\/wp-json\/wp\/v2\/types\/post"}],"author":[{"embeddable":true,"href":"https:\/\/www.area-press.eu\/comunicatistampa\/wp-json\/wp\/v2\/users\/7166"}],"replies":[{"embeddable":true,"href":"https:\/\/www.area-press.eu\/comunicatistampa\/wp-json\/wp\/v2\/comments?post=62696"}],"version-history":[{"count":1,"href":"https:\/\/www.area-press.eu\/comunicatistampa\/wp-json\/wp\/v2\/posts\/62696\/revisions"}],"predecessor-version":[{"id":62697,"href":"https:\/\/www.area-press.eu\/comunicatistampa\/wp-json\/wp\/v2\/posts\/62696\/revisions\/62697"}],"wp:attachment":[{"href":"https:\/\/www.area-press.eu\/comunicatistampa\/wp-json\/wp\/v2\/media?parent=62696"}],"wp:term":[{"taxonomy":"category","embeddable":true,"href":"https:\/\/www.area-press.eu\/comunicatistampa\/wp-json\/wp\/v2\/categories?post=62696"},{"taxonomy":"post_tag","embeddable":true,"href":"https:\/\/www.area-press.eu\/comunicatistampa\/wp-json\/wp\/v2\/tags?post=62696"}],"curies":[{"name":"wp","href":"https:\/\/api.w.org\/{rel}","templated":true}]}}