{"id":62692,"date":"2021-10-13T18:48:26","date_gmt":"2021-10-13T16:48:26","guid":{"rendered":"https:\/\/www.area-press.eu\/comunicatistampa\/?p=62692"},"modified":"2021-10-13T18:48:26","modified_gmt":"2021-10-13T16:48:26","slug":"biennale-milano-ospitera-le-opere-di-talentuosi-artisti-tra-cui-negrini-sambucco-e-sebastiank","status":"publish","type":"post","link":"https:\/\/www.area-press.eu\/comunicatistampa\/2021\/10\/13\/biennale-milano-ospitera-le-opere-di-talentuosi-artisti-tra-cui-negrini-sambucco-e-sebastiank\/","title":{"rendered":"Biennale Milano ospiter\u00e0 le opere di talentuosi artisti, tra cui Negrini, Sambucco e Sebastiank"},"content":{"rendered":"<p><strong>Dal 21 al 25 ottobre <\/strong>si terr\u00e0 la mostra internazionale <strong>Biennale Milano<\/strong>, curata da Salvo Nugnes, nella suggestiva location di <strong>Palazzo Stampa di Soncino<\/strong> (Via Torino, 61), visitabile <strong>dalle ore 10.00 alle ore 18.00<\/strong>, ed ospiter\u00e0 le mostre personali di alcuni tra i talentuosi artisti selezionati, tra cui <strong>Alessandro Negrini<\/strong>, <strong>Gino Maria Sambucco<\/strong> e <strong>Silvio Beraudo, in arte Sebastiank<\/strong>. Saranno presenti ospiti illustri che daranno il loro prezioso contributo, tra cui \u00a0<strong>V. Sgarbi<\/strong>, <strong>P. Liguori, F. Alberoni<\/strong>, <strong>M. Giletti<\/strong>, <strong>K.<\/strong> <strong>Ricciarelli<\/strong> e tanti altri. La mostra sar\u00e0, inoltre, seguita da stampa nazionale, Mediaset, Rai e Sky.<\/p>\n<p>Palazzo Stampa di Soncino \u00e8 la location perfetta per ospitare questa prestigiosa esposizione. \u00c8 un palazzo nobiliare di Milano, sito a pochi passi dal Duomo. Biennale Milano \u00e8 <em>il \u201cfiore all\u2019occhiello dell\u2019arte italiana\u201d<\/em> grazie alla quale gi\u00e0 noti artisti, insieme ad emergenti promesse, colgono l\u2019occasione di far conoscere la loro Arte.<\/p>\n<p><strong>Alessandro Negrini<\/strong> \u00e8 un fotografo appassionato, con i suoi scatti riesce a catturare momenti di vita quotidiani e a trasformarli in ricordi indelebili. Negrini immortala con elegante abilit\u00e0 sguardi di donna, atmosfere suggestive che travolgono l\u2019osservatore di emozioni intense e reali.<\/p>\n<p><strong>Gino Maria Sambucco <\/strong>\u00e8 un artista capace di trasformare le immagini in emozioni, cattura l\u2019attenzione del pubblico con dettagli e sfumature minuziosamente selezionate. Sambucco traduce i discorsi silenziosi delle montagne in melodie e raffigurazioni simboliche, nonch\u00e9 in ricordi indelebili.<\/p>\n<p><strong>Sebastiank<\/strong> \u00e8 un artista creativo che persegue il nobile compito di valorizzare la vita, di celebrarla, renderla colorata e gioiosa. Abilmente gioca con luci e colori, regalando all\u2019osservatore emozioni; comunica attraverso atmosfere quasi magiche e surreali, imprimendo sensazioni indimenticabili.<\/p>\n","protected":false},"excerpt":{"rendered":"<p>Dal 21 al 25 ottobre si terr\u00e0 la mostra internazionale Biennale Milano, curata da Salvo Nugnes, nella suggestiva location di Palazzo Stampa di Soncino (Via Torino, 61), visitabile dalle ore 10.00 alle ore 18.00, ed ospiter\u00e0 le mostre personali di alcuni tra i talentuosi artisti selezionati, tra cui Alessandro Negrini, Gino Maria Sambucco e Silvio [&hellip;]<\/p>\n","protected":false},"author":3367,"featured_media":0,"comment_status":"open","ping_status":"open","sticky":false,"template":"","format":"standard","meta":{"footnotes":""},"categories":[3],"tags":[],"class_list":["post-62692","post","type-post","status-publish","format-standard","hentry","category-arte-e-cultura"],"_links":{"self":[{"href":"https:\/\/www.area-press.eu\/comunicatistampa\/wp-json\/wp\/v2\/posts\/62692","targetHints":{"allow":["GET"]}}],"collection":[{"href":"https:\/\/www.area-press.eu\/comunicatistampa\/wp-json\/wp\/v2\/posts"}],"about":[{"href":"https:\/\/www.area-press.eu\/comunicatistampa\/wp-json\/wp\/v2\/types\/post"}],"author":[{"embeddable":true,"href":"https:\/\/www.area-press.eu\/comunicatistampa\/wp-json\/wp\/v2\/users\/3367"}],"replies":[{"embeddable":true,"href":"https:\/\/www.area-press.eu\/comunicatistampa\/wp-json\/wp\/v2\/comments?post=62692"}],"version-history":[{"count":1,"href":"https:\/\/www.area-press.eu\/comunicatistampa\/wp-json\/wp\/v2\/posts\/62692\/revisions"}],"predecessor-version":[{"id":62693,"href":"https:\/\/www.area-press.eu\/comunicatistampa\/wp-json\/wp\/v2\/posts\/62692\/revisions\/62693"}],"wp:attachment":[{"href":"https:\/\/www.area-press.eu\/comunicatistampa\/wp-json\/wp\/v2\/media?parent=62692"}],"wp:term":[{"taxonomy":"category","embeddable":true,"href":"https:\/\/www.area-press.eu\/comunicatistampa\/wp-json\/wp\/v2\/categories?post=62692"},{"taxonomy":"post_tag","embeddable":true,"href":"https:\/\/www.area-press.eu\/comunicatistampa\/wp-json\/wp\/v2\/tags?post=62692"}],"curies":[{"name":"wp","href":"https:\/\/api.w.org\/{rel}","templated":true}]}}