{"id":62673,"date":"2021-10-13T18:48:25","date_gmt":"2021-10-13T16:48:25","guid":{"rendered":"https:\/\/www.area-press.eu\/comunicatistampa\/?p=62673"},"modified":"2021-10-13T18:48:25","modified_gmt":"2021-10-13T16:48:25","slug":"biennale-milano-ospitera-le-opere-di-talentuosi-artisti-tra-cui-maquignaz-reci-e-rossi","status":"publish","type":"post","link":"https:\/\/www.area-press.eu\/comunicatistampa\/2021\/10\/13\/biennale-milano-ospitera-le-opere-di-talentuosi-artisti-tra-cui-maquignaz-reci-e-rossi\/","title":{"rendered":"Biennale Milano ospiter\u00e0 le opere di talentuosi artisti, tra cui Maquignaz, Reci e Rossi"},"content":{"rendered":"<p><strong>Dal 21 al 25 ottobre <\/strong>si terr\u00e0 la mostra internazionale <strong>Biennale Milano<\/strong>, curata da Salvo Nugnes, nella suggestiva location di <strong>Palazzo Stampa di Soncino<\/strong> (Via Torino, 61), visitabile <strong>dalle ore 10.00 alle ore 18.00<\/strong>, ed ospiter\u00e0 le mostre personali di alcuni tra i talentuosi artisti selezionati, tra cui <strong>Gabriele Maquignaz<\/strong>, <strong>Mirseda Reci<\/strong> e <strong>Arduino Rossi<\/strong>. Saranno presenti ospiti illustri che daranno il loro prezioso contributo, tra cui \u00a0<strong>V. Sgarbi<\/strong>, <strong>P. Liguori, F. Alberoni<\/strong>, <strong>M. Giletti<\/strong>, <strong>K.<\/strong> <strong>Ricciarelli<\/strong> e tanti altri.0 La mostra sar\u00e0, inoltre, seguita da stampa nazionale, Mediaset, Rai e Sky.<\/p>\n<p>Palazzo Stampa di Soncino \u00e8 la location perfetta per ospitare questa prestigiosa esposizione. \u00c8 un palazzo nobiliare di Milano, sito a pochi passi dal Duomo. Biennale Milano \u00e8 <em>il \u201cfiore all\u2019occhiello dell\u2019arte italiana\u201d<\/em> grazie alla quale gi\u00e0 noti artisti, insieme ad emergenti promesse, colgono l\u2019occasione di far conoscere la loro Arte.<\/p>\n<p><strong>Gabriele Maquignaz<\/strong>, ecclettico ed appassionato, ricerca attraverso l\u2019arte di esprimere la dimensione spirituale dell\u2019essere. Maquignaz diffonde nell\u2019osservatore un piacevole senso di benessere, accompagnandolo in un viaggio emotivamente intenso e sublime.<\/p>\n<p><strong>Mirseda Reci <\/strong>\u00e8 una talentuosa poetessa che, con parole potenti ed eleganti, esprime il suo amore per la vita, travolgendo il lettore di emozioni intense e sensazioni indelebili. La Reci ricorda al pubblico l\u2019essenzialit\u00e0 delle contraddizioni, senza le quali non si potrebbe apprezzare il bello ed il buono.<\/p>\n<p><strong>Arduino Rossi <\/strong>coinvolge l\u2019osservatore con opere vivaci e dinamiche, libere e specchio del suo io pi\u00f9 profondo. Rossi emana allegria e con abilit\u00e0 ricrea un energico gioco di luci e figure geometriche, offrendo originali spunti di riflessione.<\/p>\n","protected":false},"excerpt":{"rendered":"<p>Dal 21 al 25 ottobre si terr\u00e0 la mostra internazionale Biennale Milano, curata da Salvo Nugnes, nella suggestiva location di Palazzo Stampa di Soncino (Via Torino, 61), visitabile dalle ore 10.00 alle ore 18.00, ed ospiter\u00e0 le mostre personali di alcuni tra i talentuosi artisti selezionati, tra cui Gabriele Maquignaz, Mirseda Reci e Arduino Rossi. [&hellip;]<\/p>\n","protected":false},"author":3367,"featured_media":0,"comment_status":"open","ping_status":"open","sticky":false,"template":"","format":"standard","meta":{"footnotes":""},"categories":[3],"tags":[],"class_list":["post-62673","post","type-post","status-publish","format-standard","hentry","category-arte-e-cultura"],"_links":{"self":[{"href":"https:\/\/www.area-press.eu\/comunicatistampa\/wp-json\/wp\/v2\/posts\/62673","targetHints":{"allow":["GET"]}}],"collection":[{"href":"https:\/\/www.area-press.eu\/comunicatistampa\/wp-json\/wp\/v2\/posts"}],"about":[{"href":"https:\/\/www.area-press.eu\/comunicatistampa\/wp-json\/wp\/v2\/types\/post"}],"author":[{"embeddable":true,"href":"https:\/\/www.area-press.eu\/comunicatistampa\/wp-json\/wp\/v2\/users\/3367"}],"replies":[{"embeddable":true,"href":"https:\/\/www.area-press.eu\/comunicatistampa\/wp-json\/wp\/v2\/comments?post=62673"}],"version-history":[{"count":1,"href":"https:\/\/www.area-press.eu\/comunicatistampa\/wp-json\/wp\/v2\/posts\/62673\/revisions"}],"predecessor-version":[{"id":62674,"href":"https:\/\/www.area-press.eu\/comunicatistampa\/wp-json\/wp\/v2\/posts\/62673\/revisions\/62674"}],"wp:attachment":[{"href":"https:\/\/www.area-press.eu\/comunicatistampa\/wp-json\/wp\/v2\/media?parent=62673"}],"wp:term":[{"taxonomy":"category","embeddable":true,"href":"https:\/\/www.area-press.eu\/comunicatistampa\/wp-json\/wp\/v2\/categories?post=62673"},{"taxonomy":"post_tag","embeddable":true,"href":"https:\/\/www.area-press.eu\/comunicatistampa\/wp-json\/wp\/v2\/tags?post=62673"}],"curies":[{"name":"wp","href":"https:\/\/api.w.org\/{rel}","templated":true}]}}