{"id":62628,"date":"2021-10-13T18:48:23","date_gmt":"2021-10-13T16:48:23","guid":{"rendered":"https:\/\/www.area-press.eu\/comunicatistampa\/?p=62628"},"modified":"2021-10-13T18:48:23","modified_gmt":"2021-10-13T16:48:23","slug":"biennale-milano-ospitera-le-opere-di-talentuosi-artisti-tra-cui-paesano-pietoso-e-pozzo","status":"publish","type":"post","link":"https:\/\/www.area-press.eu\/comunicatistampa\/2021\/10\/13\/biennale-milano-ospitera-le-opere-di-talentuosi-artisti-tra-cui-paesano-pietoso-e-pozzo\/","title":{"rendered":"Biennale Milano ospiter\u00e0 le opere di talentuosi artisti, tra cui Paesano, Pietoso e Pozzo"},"content":{"rendered":"<p><strong>Dal 21 al 25 ottobre <\/strong>si terr\u00e0 la mostra internazionale <strong>Biennale Milano<\/strong>, curata da Salvo Nugnes, nella suggestiva location di <strong>Palazzo Stampa di Soncino<\/strong> (Via Torino, 61), visitabile <strong>dalle ore 10.00 alle ore 18.00<\/strong>, ed ospiter\u00e0 le mostre personali di alcuni tra i talentuosi artisti selezionati, tra cui <strong>Paola Paesano<\/strong>, <strong>Giacomo Pietoso<\/strong> e <strong>Regina Loredana Pozzo<\/strong>. Saranno presenti ospiti illustri che daranno il loro prezioso contributo, tra cui \u00a0<strong>V. Sgarbi<\/strong>, <strong>P. Liguori, F. Alberoni<\/strong>, <strong>M. Giletti<\/strong>, <strong>K.<\/strong> <strong>Ricciarelli<\/strong> e tanti altri.0 La mostra sar\u00e0, inoltre, seguita da stampa nazionale, Mediaset, Rai e Sky.<\/p>\n<p>Palazzo Stampa di Soncino \u00e8 la location perfetta per ospitare questa prestigiosa esposizione. \u00c8 un palazzo nobiliare di Milano, sito a pochi passi dal Duomo. Biennale Milano \u00e8 <em>il \u201cfiore all\u2019occhiello dell\u2019arte italiana\u201d<\/em> grazie alla quale gi\u00e0 noti artisti, insieme ad emergenti promesse, colgono l\u2019occasione di far conoscere la loro Arte.<\/p>\n<p><strong>Paola Paesano<\/strong> \u00e8 un\u2019artista dalla preziosa sensibilit\u00e0, che avvolge il pubblico di tenerezza attraverso dipinti dettagliati, in cui ritroviamo spesso raffigurato un animale a lei caro, la bufala. La sua arte arriva al cuore del pubblico e lo pervade di un dolce senso di benessere.<\/p>\n<p><strong>Giacomo Pietoso<\/strong> \u00e8 un artista completo, emozionale che, attraverso una tecnica \u201cspirituale\u201d ,con le sue opere, dona emozioni coinvolgenti. Egli dipinge l\u2019essenziale, libero ed intelligente, che nella sua semplicit\u00e0 rivela una raffinata e delicata sensibilit\u00e0.<\/p>\n<p><strong>Regina Loredana Pozzo<\/strong>, con i suoi versi accurati, accompagna in un viaggio emozionale il pubblico, conducendolo verso immagini nitide e familiari. L\u2019abile poetessa ammanta la realt\u00e0 di atmosfere fantasiose ed imprime ricordi e sensazioni indelebili nel lettore.<\/p>\n","protected":false},"excerpt":{"rendered":"<p>Dal 21 al 25 ottobre si terr\u00e0 la mostra internazionale Biennale Milano, curata da Salvo Nugnes, nella suggestiva location di Palazzo Stampa di Soncino (Via Torino, 61), visitabile dalle ore 10.00 alle ore 18.00, ed ospiter\u00e0 le mostre personali di alcuni tra i talentuosi artisti selezionati, tra cui Paola Paesano, Giacomo Pietoso e Regina Loredana [&hellip;]<\/p>\n","protected":false},"author":3367,"featured_media":0,"comment_status":"open","ping_status":"open","sticky":false,"template":"","format":"standard","meta":{"footnotes":""},"categories":[3],"tags":[],"class_list":["post-62628","post","type-post","status-publish","format-standard","hentry","category-arte-e-cultura"],"_links":{"self":[{"href":"https:\/\/www.area-press.eu\/comunicatistampa\/wp-json\/wp\/v2\/posts\/62628","targetHints":{"allow":["GET"]}}],"collection":[{"href":"https:\/\/www.area-press.eu\/comunicatistampa\/wp-json\/wp\/v2\/posts"}],"about":[{"href":"https:\/\/www.area-press.eu\/comunicatistampa\/wp-json\/wp\/v2\/types\/post"}],"author":[{"embeddable":true,"href":"https:\/\/www.area-press.eu\/comunicatistampa\/wp-json\/wp\/v2\/users\/3367"}],"replies":[{"embeddable":true,"href":"https:\/\/www.area-press.eu\/comunicatistampa\/wp-json\/wp\/v2\/comments?post=62628"}],"version-history":[{"count":1,"href":"https:\/\/www.area-press.eu\/comunicatistampa\/wp-json\/wp\/v2\/posts\/62628\/revisions"}],"predecessor-version":[{"id":62629,"href":"https:\/\/www.area-press.eu\/comunicatistampa\/wp-json\/wp\/v2\/posts\/62628\/revisions\/62629"}],"wp:attachment":[{"href":"https:\/\/www.area-press.eu\/comunicatistampa\/wp-json\/wp\/v2\/media?parent=62628"}],"wp:term":[{"taxonomy":"category","embeddable":true,"href":"https:\/\/www.area-press.eu\/comunicatistampa\/wp-json\/wp\/v2\/categories?post=62628"},{"taxonomy":"post_tag","embeddable":true,"href":"https:\/\/www.area-press.eu\/comunicatistampa\/wp-json\/wp\/v2\/tags?post=62628"}],"curies":[{"name":"wp","href":"https:\/\/api.w.org\/{rel}","templated":true}]}}