{"id":62606,"date":"2021-10-13T18:48:21","date_gmt":"2021-10-13T16:48:21","guid":{"rendered":"https:\/\/www.area-press.eu\/comunicatistampa\/?p=62606"},"modified":"2021-10-13T18:48:21","modified_gmt":"2021-10-13T16:48:21","slug":"biennale-milano-ospitera-le-opere-di-talentuosi-artisti-tra-cui-actis-caporale-avanzi-e-baglieri","status":"publish","type":"post","link":"https:\/\/www.area-press.eu\/comunicatistampa\/2021\/10\/13\/biennale-milano-ospitera-le-opere-di-talentuosi-artisti-tra-cui-actis-caporale-avanzi-e-baglieri\/","title":{"rendered":"Biennale Milano ospiter\u00e0 le opere di talentuosi artisti, tra cui Actis Caporale, Avanzi e Baglieri"},"content":{"rendered":"<p><strong>Dal 21 al 25 ottobre <\/strong>si terr\u00e0 la mostra internazionale <strong>Biennale Milano<\/strong>, curata da Salvo Nugnes, nella suggestiva location di <strong>Palazzo Stampa di Soncino<\/strong> (Via Torino, 61), visitabile <strong>dalle ore 10.00 alle ore 18.00<\/strong>, ed ospiter\u00e0 le mostre personali di alcuni tra i talentuosi artisti selezionati, tra cui <strong>Anna Actis Caporale<\/strong>, <strong>Corrado Avanzi<\/strong> e <strong>Gino Baglieri<\/strong>. Saranno presenti ospiti illustri che daranno il loro prezioso contributo, tra cui \u00a0<strong>V. Sgarbi<\/strong>, <strong>P. Liguori, F. Alberoni<\/strong>, <strong>M. Giletti<\/strong>, <strong>K.<\/strong> <strong>Ricciarelli<\/strong> e tanti altri.0 La mostra sar\u00e0, inoltre, seguita da stampa nazionale, Mediaset, Rai e Sky.<\/p>\n<p>Palazzo Stampa di Soncino \u00e8 la location perfetta per ospitare questa prestigiosa esposizione. \u00c8 un palazzo nobiliare di Milano, sito a pochi passi dal Duomo. Biennale Milano \u00e8 <em>il \u201cfiore all\u2019occhiello dell\u2019arte italiana\u201d<\/em> grazie alla quale gi\u00e0 noti artisti, insieme ad emergenti promesse, colgono l\u2019occasione di far conoscere la loro Arte.<\/p>\n<p><strong>Anna Actis Caporale<\/strong> \u00e8 un\u2019artista che, con rispetto ed ammirazione, propone al suo pubblico rappresentazioni di terre lontane, come fossero delle cartoline spedite da una cara amica. Nelle sue opere ricrea atmosfere affascinanti e magiche, dai colori sgargianti, plasmate da sensazioni realmente provate e condividendo con l\u2019osservatore emozioni travolgenti.<\/p>\n<p><strong>Corrado Avanzi <\/strong>offre spunti di riflessione sull\u2019esistenza, diffondendo nel pubblico una sensazione di benessere. Istintivo e liberatorio, con la sua arte crea opere preziose, attraverso cui l\u2019osservatore percepisce una elegante potenza creativa, in grado di dare vita a sensazioni travolgenti e a ricordi indelebili.<\/p>\n<p><strong>Gino Baglieri <\/strong>\u00a0crea dipinti in cui i protagonisti sono i dettagli, in grado di stupire e meravigliare il pubblico. Le sue splendide opere trasmettono, in modo semplice e raffinato, l\u2019amore per la vita che egli apprezza in ogni sua forma e assapora con grande umanit\u00e0 e sensibilit\u00e0.<\/p>\n<p>&nbsp;<\/p>\n","protected":false},"excerpt":{"rendered":"<p>Dal 21 al 25 ottobre si terr\u00e0 la mostra internazionale Biennale Milano, curata da Salvo Nugnes, nella suggestiva location di Palazzo Stampa di Soncino (Via Torino, 61), visitabile dalle ore 10.00 alle ore 18.00, ed ospiter\u00e0 le mostre personali di alcuni tra i talentuosi artisti selezionati, tra cui Anna Actis Caporale, Corrado Avanzi e Gino [&hellip;]<\/p>\n","protected":false},"author":3367,"featured_media":0,"comment_status":"open","ping_status":"open","sticky":false,"template":"","format":"standard","meta":{"footnotes":""},"categories":[3],"tags":[],"class_list":["post-62606","post","type-post","status-publish","format-standard","hentry","category-arte-e-cultura"],"_links":{"self":[{"href":"https:\/\/www.area-press.eu\/comunicatistampa\/wp-json\/wp\/v2\/posts\/62606","targetHints":{"allow":["GET"]}}],"collection":[{"href":"https:\/\/www.area-press.eu\/comunicatistampa\/wp-json\/wp\/v2\/posts"}],"about":[{"href":"https:\/\/www.area-press.eu\/comunicatistampa\/wp-json\/wp\/v2\/types\/post"}],"author":[{"embeddable":true,"href":"https:\/\/www.area-press.eu\/comunicatistampa\/wp-json\/wp\/v2\/users\/3367"}],"replies":[{"embeddable":true,"href":"https:\/\/www.area-press.eu\/comunicatistampa\/wp-json\/wp\/v2\/comments?post=62606"}],"version-history":[{"count":1,"href":"https:\/\/www.area-press.eu\/comunicatistampa\/wp-json\/wp\/v2\/posts\/62606\/revisions"}],"predecessor-version":[{"id":62607,"href":"https:\/\/www.area-press.eu\/comunicatistampa\/wp-json\/wp\/v2\/posts\/62606\/revisions\/62607"}],"wp:attachment":[{"href":"https:\/\/www.area-press.eu\/comunicatistampa\/wp-json\/wp\/v2\/media?parent=62606"}],"wp:term":[{"taxonomy":"category","embeddable":true,"href":"https:\/\/www.area-press.eu\/comunicatistampa\/wp-json\/wp\/v2\/categories?post=62606"},{"taxonomy":"post_tag","embeddable":true,"href":"https:\/\/www.area-press.eu\/comunicatistampa\/wp-json\/wp\/v2\/tags?post=62606"}],"curies":[{"name":"wp","href":"https:\/\/api.w.org\/{rel}","templated":true}]}}