{"id":626,"date":"2015-07-27T14:18:46","date_gmt":"2015-07-27T12:18:46","guid":{"rendered":"http:\/\/www.area-press.eu\/comunicatistampa\/?p=626"},"modified":"2015-07-27T14:18:46","modified_gmt":"2015-07-27T12:18:46","slug":"protesi-capelli-rimedi-allalopecia-e-alla-calvizie-per-uomo-e-donna","status":"publish","type":"post","link":"https:\/\/www.area-press.eu\/comunicatistampa\/2015\/07\/27\/protesi-capelli-rimedi-allalopecia-e-alla-calvizie-per-uomo-e-donna\/","title":{"rendered":"Protesi capelli: rimedi all&#8217;alopecia e alla calvizie, per uomo e donna"},"content":{"rendered":"<h2>Alopecia, cos&#8217;\u00e8 e quali sono le soluzioni non chirurgiche alla caduta di capelli<\/h2>\n<p>L&#8217;alopecia, sia femminile che maschile,\u00a0\u00e8 una patologia\u00a0caratterizzata non solo\u00a0dalla temporanea caduta dei capelli, ma anche da\u00a0una perdita di capelli prematura e drastica, anche in soggetti particolarmente giovani. Sono questi i casi pi\u00f9 delicati, nei quali si rendono indispensabili\u00a0protesi capelli efficaci per risolvere, nel modo meno &#8220;visibile&#8221; e pi\u00f9 naturale possibile, un disagio a volte troppo complesso come la\u00a0caduta capelli.<\/p>\n<p>Esistono<strong> diverse e\u00a0varie tipologie di alopecia<\/strong>, che si differenziano per cause e manifestazione della patologia.<\/p>\n<p>L&#8217;eziologia della malattia non \u00e8 ancora del tutto chiara. Negli anni sono stati portati avanti quadri di lettura differenti, che, nella maggior parte dei casi, sono concordi\u00a0nel descrivere l&#8217;alopecia come <strong>un disturbo che si contraddistingue per l&#8217;estrema multifattorialit\u00e0<\/strong>. Parliamo di fattori: genetici, responsabili in particolare dell&#8217;alopecia androgenetica, detta anche calvizie comune; ormonali e fisiologici, livelli di testosterone alterati ad esempio; alimentari, diete troppo ferree possono determinare una carenza di proteine o minerali; farmacologici, come quelli che interessano i pazienti trattati con la chemioterapia; psicologici, l&#8217;alopecia da stress \u00e8 molto comune, specialmente oggi, in una societ\u00e0 &#8220;che \u00e8 sempre di corsa&#8221; e i cui i ritmi frenetici favoriscono disagi e crisi depressive, che si riflettono sulla normale omeostasi dell&#8217;organismo, ad esempio determinando appunto una perdita di capelli. Il pi\u00f9 delle volte\u00a0questa tipologia di alopecia \u00e8 caratterizzata da disfunzioni della micro-circolazione, sebo in eccesso e psoriasi.<\/p>\n<p>La forma pi\u00f9 comune \u00e8, certamente,\u00a0l&#8217;alopecia androgenetica, che coincide con la perdita di capelli\u00a0determinata da una\u00a0forte componente ereditaria, ad ingravescenza senile. La patologia pu\u00f2 interessare svariate parti del corpo, ma il disagio maggiore lo riscontrano ovviamente coloro che vedono interessato la testa; il cuoio capelluto inizia a subire un processo specifico di degenerazione del follicolo pilifero che colpisce fatalmente l&#8217;individuo. Pu\u00f2 interessare un uomo per circa l&#8217;80%, ma anche fra le donne l&#8217;incidenza ultimamente \u00e8 in forte crescita.<\/p>\n<h2>Risvolti psicologici determinati dalla malattia<\/h2>\n<p>Senza dubbio la componente psicologica gioca un ruolo di rilievo all&#8217;interno della manifestazione della malattia. In particolare le donne ovviamente risentono maggiormente del problema, essendo i capelli lunghi un sinonimo di femminilit\u00e0 da secoli e inoltre a livello di immagine, agli occhi della societ\u00e0, \u00e8 inevitabilmente la donna a dover affrontare una sfida dura e spesse volte impari, sia per implicazioni di tipo sociale che economico.<\/p>\n<p>I rimedi al giorno d&#8217;oggi sono diversi, spesso si possono combinare tra loro andando a intervenire sulle zone ancora salvabili, cercando di rallentarne la caduta, o suggerendo alla persona di ricorrere a rimedi non chirurgici, come le protesi capelli.<\/p>\n<p>Nella maggior parte delle tipologie di alopecia infatti il follicolo pilifero \u00e8 ormai compromesso, e l&#8217;unica soluzione, oltre al trapianto dove \u00e8 possibile, \u00e8 una protesi capelli. Non si ha pi\u00f9 il naturale turnover cellulare, cio\u00e8 la naturale crescita del pelo che in genere segue le 3 fasi, di Anagen, Catagen e Telogen, durante le quali le cellule staminali reduplicano e il bulbo pilifero stesso \u00e8 in grado di duplicarsi e dare origine al pelo nuovo, il quale scalza quello vecchio che cade naturalmente.<\/p>\n<h2>Cure e benessere mentale attraverso l&#8217;impianto di una protesi capelli<\/h2>\n<p>Da anni il <strong><a href=\"http:\/\/www.lookandwellness.it\/p18\/il-centro-tricologico\/\" target=\"_blank\">Centro\u00a0Tricologico Look and Wellness SPA<\/a><\/strong> mette a disposizione dei propri pazienti, oltre che l&#8217;estrema professionalit\u00e0 del proprio personale, l&#8217;<strong><a href=\"http:\/\/www.lookandwellness.it\/p40\/capelli-senza-chirurgia\/\" target=\"_blank\">Scopri 3T IONIX<\/a><\/strong>, messo a punto basandosi su una tecnica all&#8217;avanguardia nel campo di cure per perdita di capelli, anche per pazienti oncologici.<\/p>\n<p>Chiunque abbia riscontrato problemi di alopecia e sia dunque alla ricerca di un rimedio efficace alla caduta di capelli, pu\u00f2 richiedere una consulenza gratuita, per stabilire come 3T IONIX possa adattarsi, nel modo migliore, alle caratteristiche personali.<\/p>\n<p>Insieme al tema di Look &amp; Wellness troverete la soluzione pi\u00f9 corretta ed appropriata per star bene con gli altri e soprattutto con s\u00e8 stessi.<\/p>\n","protected":false},"excerpt":{"rendered":"<p>Alopecia, cos&#8217;\u00e8 e quali sono le soluzioni non chirurgiche alla caduta di capelli L&#8217;alopecia, sia femminile che maschile,\u00a0\u00e8 una patologia\u00a0caratterizzata non solo\u00a0dalla temporanea caduta dei capelli, ma anche da\u00a0una perdita di capelli prematura e drastica, anche in soggetti particolarmente giovani. Sono questi i casi pi\u00f9 delicati, nei quali si rendono indispensabili\u00a0protesi capelli efficaci per risolvere, [&hellip;]<\/p>\n","protected":false},"author":90,"featured_media":0,"comment_status":"open","ping_status":"open","sticky":false,"template":"","format":"standard","meta":{"footnotes":""},"categories":[29],"tags":[717],"class_list":["post-626","post","type-post","status-publish","format-standard","hentry","category-comunicati","tag-protesi-capelli"],"_links":{"self":[{"href":"https:\/\/www.area-press.eu\/comunicatistampa\/wp-json\/wp\/v2\/posts\/626","targetHints":{"allow":["GET"]}}],"collection":[{"href":"https:\/\/www.area-press.eu\/comunicatistampa\/wp-json\/wp\/v2\/posts"}],"about":[{"href":"https:\/\/www.area-press.eu\/comunicatistampa\/wp-json\/wp\/v2\/types\/post"}],"author":[{"embeddable":true,"href":"https:\/\/www.area-press.eu\/comunicatistampa\/wp-json\/wp\/v2\/users\/90"}],"replies":[{"embeddable":true,"href":"https:\/\/www.area-press.eu\/comunicatistampa\/wp-json\/wp\/v2\/comments?post=626"}],"version-history":[{"count":2,"href":"https:\/\/www.area-press.eu\/comunicatistampa\/wp-json\/wp\/v2\/posts\/626\/revisions"}],"predecessor-version":[{"id":628,"href":"https:\/\/www.area-press.eu\/comunicatistampa\/wp-json\/wp\/v2\/posts\/626\/revisions\/628"}],"wp:attachment":[{"href":"https:\/\/www.area-press.eu\/comunicatistampa\/wp-json\/wp\/v2\/media?parent=626"}],"wp:term":[{"taxonomy":"category","embeddable":true,"href":"https:\/\/www.area-press.eu\/comunicatistampa\/wp-json\/wp\/v2\/categories?post=626"},{"taxonomy":"post_tag","embeddable":true,"href":"https:\/\/www.area-press.eu\/comunicatistampa\/wp-json\/wp\/v2\/tags?post=626"}],"curies":[{"name":"wp","href":"https:\/\/api.w.org\/{rel}","templated":true}]}}