{"id":62439,"date":"2021-10-13T18:48:04","date_gmt":"2021-10-13T16:48:04","guid":{"rendered":"https:\/\/www.area-press.eu\/comunicatistampa\/?p=62439"},"modified":"2021-10-13T18:48:04","modified_gmt":"2021-10-13T16:48:04","slug":"imagenation-milan-the-new-aesthetics-arriva-a-milano-con-una-mostra-internazionale-presso-la-fondazione-luciana-matalon","status":"publish","type":"post","link":"https:\/\/www.area-press.eu\/comunicatistampa\/2021\/10\/13\/imagenation-milan-the-new-aesthetics-arriva-a-milano-con-una-mostra-internazionale-presso-la-fondazione-luciana-matalon\/","title":{"rendered":"ImageNation Milan &#8211; The New Aesthetics arriva a Milano con una mostra internazionale presso la Fondazione Luciana Matalon"},"content":{"rendered":"<p><span style=\"font-weight: 400\">Milano, settembre 2021 &#8211; <\/span><b>ImageNation<\/b><span style=\"font-weight: 400\"> d\u00e0 il benvenuto a <\/span><b>Milano<\/b><span style=\"font-weight: 400\">. Dopo Parigi, Arles, Venezia e Los Angeles, il collettivo arriver\u00e0 nel capoluogo meneghino, una delle mete pi\u00f9 vitali per gli amanti dell&#8217;arte, con una mostra che sar\u00e0 attiva <\/span><b>dal 24 al 30 settembre<\/b><span style=\"font-weight: 400\">. Famosa a livello internazionale come capitale del design e della moda, negli ultimi anni Milano \u00e8 diventata un punto di riferimento anche per le nuove tendenze delle arti visive. <\/span><span style=\"font-weight: 400\">Fra gli ospiti, interverr\u00e0 <\/span><b>Alessia Glaviano, Brand Visual Director di Vogue Italia e direttrice del Photo Vogue Festival.<\/b><\/p>\n<p><span style=\"font-weight: 400\">Mostra fotografica internazionale che vede la partecipazione di fotografi da tutto il mondo, sia emergenti che gi\u00e0 affermati, dal 2013 <\/span><b>ImageNation<\/b><span style=\"font-weight: 400\"> mira a mettere in evidenza il lavoro di autori indipendenti, con una vasta gamma di interessi, esperienze e background, uniti dalla comune passione della fotografia. La missione \u00e8 di creare un contatto tra la comunit\u00e0 fotografica e il suo pubblico con le opere stampate di grande qualit\u00e0, andando oltre le dinamiche del web. Dal 2016 ImageNation ha sede a Parigi, con periodiche mostre anche ad Arles, Venezia e Los Angeles.<\/span><\/p>\n<p><span style=\"font-weight: 400\">A cura di <\/span><b>Martin Vegas <\/b><span style=\"font-weight: 400\">e in collaborazione con<\/span><b> Collater.al<\/b><span style=\"font-weight: 400\">, <\/span><span style=\"font-weight: 400\">ImageNation Milan vedr\u00e0 la partecipazione di<\/span><b> oltre 150 autori provenienti da 35 diversi Paesi del mondo<\/b><span style=\"font-weight: 400\">, che presenteranno opere di grande impatto visivo. Come per le <\/span><i><span style=\"font-weight: 400\">affordable fair<\/span><\/i><span style=\"font-weight: 400\">, tutte le opere sono offerte in vendita a prezzi pi\u00f9 convenienti rispetto ad altre fiere e mostre. Ci\u00f2 riflette anche il desiderio di aiutare il pubblico a crescere e svilupparsi insieme all&#8217;artista.<\/span><\/p>\n<p><span style=\"font-weight: 400\">Il vernissage della mostra <\/span><b>ImageNation Milan &#8211; The New Aesthetics <\/b><span style=\"font-weight: 400\">avverr\u00e0 il 24 settembre alle ore 18,00 e si terr\u00e0 alla Fondazione Luciana Matalon, al numero 67 di Foro Bonaparte, raggiungibile tramite le metro Cairoli (1)\u200b, Cadorna (1-2), Duomo (1-3).<\/span><\/p>\n<p><span style=\"font-weight: 400\">Da sabato 25 settembre a gioved\u00ec 30 settembre, la mostra sar\u00e0 aperta <\/span><b>dalle ore 10.00 alle 13.00 e dalle 14.00 alle 19.00,<\/b><span style=\"font-weight: 400\"> ad eccezione del luned\u00ec, giorno di chiusura. L\u2019ingresso sar\u00e0 libero.<\/span><\/p>\n<p><span style=\"font-weight: 400\">Per maggiori informazioni \u00e8 possibile visitare il sito<\/span><a href=\"http:\/\/www.imagenationmilan.com\/\"> <span style=\"font-weight: 400\">www.imagenationmilan.com<\/span><\/a><span style=\"font-weight: 400\"> e le pagine social su<\/span><a href=\"http:\/\/www.facebook.com\/events\/3032766500288977\"> <span style=\"font-weight: 400\">Facebook<\/span><\/a><span style=\"font-weight: 400\"> e<\/span><a href=\"http:\/\/www.instagram.com\/imagenationparis\"> <span style=\"font-weight: 400\">Instagam<\/span><\/a><span style=\"font-weight: 400\">.<\/span><\/p>\n","protected":false},"excerpt":{"rendered":"<p>Milano, settembre 2021 &#8211; ImageNation d\u00e0 il benvenuto a Milano. Dopo Parigi, Arles, Venezia e Los Angeles, il collettivo arriver\u00e0 nel capoluogo meneghino, una delle mete pi\u00f9 vitali per gli amanti dell&#8217;arte, con una mostra che sar\u00e0 attiva dal 24 al 30 settembre. Famosa a livello internazionale come capitale del design e della moda, negli [&hellip;]<\/p>\n","protected":false},"author":5423,"featured_media":0,"comment_status":"open","ping_status":"open","sticky":false,"template":"","format":"standard","meta":{"footnotes":""},"categories":[3,8],"tags":[25,1386,30913,688,30914],"class_list":["post-62439","post","type-post","status-publish","format-standard","hentry","category-arte-e-cultura","category-eventi","tag-arte","tag-fotografia","tag-imagenation","tag-milano","tag-the-new-aesthetics"],"_links":{"self":[{"href":"https:\/\/www.area-press.eu\/comunicatistampa\/wp-json\/wp\/v2\/posts\/62439","targetHints":{"allow":["GET"]}}],"collection":[{"href":"https:\/\/www.area-press.eu\/comunicatistampa\/wp-json\/wp\/v2\/posts"}],"about":[{"href":"https:\/\/www.area-press.eu\/comunicatistampa\/wp-json\/wp\/v2\/types\/post"}],"author":[{"embeddable":true,"href":"https:\/\/www.area-press.eu\/comunicatistampa\/wp-json\/wp\/v2\/users\/5423"}],"replies":[{"embeddable":true,"href":"https:\/\/www.area-press.eu\/comunicatistampa\/wp-json\/wp\/v2\/comments?post=62439"}],"version-history":[{"count":1,"href":"https:\/\/www.area-press.eu\/comunicatistampa\/wp-json\/wp\/v2\/posts\/62439\/revisions"}],"predecessor-version":[{"id":62440,"href":"https:\/\/www.area-press.eu\/comunicatistampa\/wp-json\/wp\/v2\/posts\/62439\/revisions\/62440"}],"wp:attachment":[{"href":"https:\/\/www.area-press.eu\/comunicatistampa\/wp-json\/wp\/v2\/media?parent=62439"}],"wp:term":[{"taxonomy":"category","embeddable":true,"href":"https:\/\/www.area-press.eu\/comunicatistampa\/wp-json\/wp\/v2\/categories?post=62439"},{"taxonomy":"post_tag","embeddable":true,"href":"https:\/\/www.area-press.eu\/comunicatistampa\/wp-json\/wp\/v2\/tags?post=62439"}],"curies":[{"name":"wp","href":"https:\/\/api.w.org\/{rel}","templated":true}]}}