{"id":6241,"date":"2016-02-15T15:41:29","date_gmt":"2016-02-15T14:41:29","guid":{"rendered":"http:\/\/www.area-press.eu\/comunicatistampa\/?p=6241"},"modified":"2016-02-15T15:41:29","modified_gmt":"2016-02-15T14:41:29","slug":"giulianello-di-cori-un-centinaio-di-farmaci-donati-dai-cittadini-in-occasione-della-grf-2016","status":"publish","type":"post","link":"https:\/\/www.area-press.eu\/comunicatistampa\/2016\/02\/15\/giulianello-di-cori-un-centinaio-di-farmaci-donati-dai-cittadini-in-occasione-della-grf-2016\/","title":{"rendered":"Giulianello di Cori: un centinaio di farmaci donati dai cittadini in occasione della GRF 2016"},"content":{"rendered":"<p>Anche stavolta la comunit\u00e0 di Giulianello ha dato il proprio contributo di solidariet\u00e0 a favore della povert\u00e0 sanitaria. <strong>In occasione della XVI Giornata di Raccolta del Farmaco, organizzata in tutta Italia il secondo sabato di Febbraio, i cittadini hanno donato un centinaio di farmaci da banco<\/strong>, che non necessitano di prescrizione medica, presso la <strong>Farmacia San Giuliano dei Dottori Montecuollo <\/strong>che hanno aderito all\u2019iniziativa.<\/p>\n<p>I <strong>volontari del Banco Farmaceutico<\/strong> hanno aiutato i farmacisti nelle attivit\u00e0 di raccolta e sensibilizzazione. I farmaci sono stati poi catalogati ed etichettati per il divieto di vendita, come previsto dalle procedure del Banco Farmaceutico Onlus, e suddivisi per tipologia per essere consegnati all\u2019<strong>Istituto per la Famiglia Onlus \u2013 Sez. 46 di Latina<\/strong>, che provveder\u00e0 a ripartire le donazioni tra le persone meno fortunate del territorio.<\/p>\n<p>Quest\u2019anno la partecipazione alla GRF era pi\u00f9 importante che mai. Secondo i dati dell\u2019Osservatorio sulla Donazione dei Farmaci del Banco Farmaceutico\u00a0<strong>dal 2014 al 2015<\/strong>\u00a0<strong>\u00e8 aumentata del 6,4% la richiesta di farmaci da parte di quella fascia di popolazione che non \u00e8 pi\u00f9 in grado di acquistare medicinali, nemmeno quelli con ricetta medica<\/strong>. Sono milioni ormai gli indigenti ogni giorno devono scegliere se mangiare o curarsi. <strong>Secondo le stime preliminari sono state superate le 350mila unit\u00e0 raccolte.<\/strong><\/p>\n<p>Dal 2000 ad oggi la campagna nazionale ha raccolto quasi 4 milioni di farmaci. <strong>Oltre un migliaio a Giulianello, dal 2006<\/strong>. L\u2019ultima edizione ha coinvolto complessivamente 3.673 farmacie e oltre 14.000 volontari, per un totale di 360.000 donazioni distribuite a pi\u00f9 di 700.000 persone, tra anziani, famiglie ed immigrati in difficolt\u00e0 economica, assistite quotidianamente dagli oltre 1600 enti caritativi che collaborano con il Banco Farmaceutico.<\/p>\n<p>La\u00a0<strong>GRF 2016<\/strong>\u00a0si \u00e8 svolta in\u00a0<strong>1200 Comuni italiani<\/strong>, realizzata dalla\u00a0<strong>Fondazione Banco Farmaceutico Onlus<\/strong> insieme a <strong>BF Research<\/strong>,<strong>\u00a0<\/strong><strong>Federfarma<\/strong>,<strong>\u00a0<\/strong><strong>FOFI<\/strong><strong>\u00a0<\/strong>e<strong>\u00a0<\/strong><strong>CDO Opere Sociali<\/strong>. Ha ottenuto l\u2019<strong>Alto Patronato della Presidenza della Repubblica<\/strong>\u00a0e il patrocinio di\u00a0<strong>AIFA<\/strong><strong> (Agenzia Italiana del Farmaco)<\/strong> e del\u00a0<strong>Giubileo della Misericordia<\/strong>; il sostegno di<strong>\u00a0<\/strong>importanti sponsor e media partner tra cui la testata nazionale <strong>TGR<\/strong>\u00a0e del\u00a0<strong>Segretariato Sociale Rai<\/strong>.<\/p>\n","protected":false},"excerpt":{"rendered":"<p>Anche stavolta la comunit\u00e0 di Giulianello ha dato il proprio contributo di solidariet\u00e0 a favore della povert\u00e0 sanitaria. In occasione della XVI Giornata di Raccolta del Farmaco, organizzata in tutta Italia il secondo sabato di Febbraio, i cittadini hanno donato un centinaio di farmaci da banco, che non necessitano di prescrizione medica, presso la Farmacia [&hellip;]<\/p>\n","protected":false},"author":659,"featured_media":0,"comment_status":"open","ping_status":"open","sticky":false,"template":"","format":"standard","meta":{"footnotes":""},"categories":[4],"tags":[],"class_list":["post-6241","post","type-post","status-publish","format-standard","hentry","category-attualita-e-societa"],"_links":{"self":[{"href":"https:\/\/www.area-press.eu\/comunicatistampa\/wp-json\/wp\/v2\/posts\/6241","targetHints":{"allow":["GET"]}}],"collection":[{"href":"https:\/\/www.area-press.eu\/comunicatistampa\/wp-json\/wp\/v2\/posts"}],"about":[{"href":"https:\/\/www.area-press.eu\/comunicatistampa\/wp-json\/wp\/v2\/types\/post"}],"author":[{"embeddable":true,"href":"https:\/\/www.area-press.eu\/comunicatistampa\/wp-json\/wp\/v2\/users\/659"}],"replies":[{"embeddable":true,"href":"https:\/\/www.area-press.eu\/comunicatistampa\/wp-json\/wp\/v2\/comments?post=6241"}],"version-history":[{"count":1,"href":"https:\/\/www.area-press.eu\/comunicatistampa\/wp-json\/wp\/v2\/posts\/6241\/revisions"}],"predecessor-version":[{"id":6242,"href":"https:\/\/www.area-press.eu\/comunicatistampa\/wp-json\/wp\/v2\/posts\/6241\/revisions\/6242"}],"wp:attachment":[{"href":"https:\/\/www.area-press.eu\/comunicatistampa\/wp-json\/wp\/v2\/media?parent=6241"}],"wp:term":[{"taxonomy":"category","embeddable":true,"href":"https:\/\/www.area-press.eu\/comunicatistampa\/wp-json\/wp\/v2\/categories?post=6241"},{"taxonomy":"post_tag","embeddable":true,"href":"https:\/\/www.area-press.eu\/comunicatistampa\/wp-json\/wp\/v2\/tags?post=6241"}],"curies":[{"name":"wp","href":"https:\/\/api.w.org\/{rel}","templated":true}]}}