{"id":62363,"date":"2021-09-23T18:23:48","date_gmt":"2021-09-23T16:23:48","guid":{"rendered":"https:\/\/www.area-press.eu\/comunicatistampa\/?p=62363"},"modified":"2021-09-23T18:23:48","modified_gmt":"2021-09-23T16:23:48","slug":"aumenti-in-bolletta-lad-e-dg-di-terna-stefano-donnarumma-ospite-a-radio-anchio","status":"publish","type":"post","link":"https:\/\/www.area-press.eu\/comunicatistampa\/2021\/09\/23\/aumenti-in-bolletta-lad-e-dg-di-terna-stefano-donnarumma-ospite-a-radio-anchio\/","title":{"rendered":"Aumenti in bolletta: l\u2019AD e DG di Terna Stefano Donnarumma ospite a \u201cRadio anch\u2019io\u201d"},"content":{"rendered":"<p><em><strong>Su Rai Radio 1 l&#8217;AD e DG di Terna <a href=\"https:\/\/www.raiplayradio.it\/audio\/2021\/09\/Stefano-Antonio-Donnarumma-Amministratore-delegato-e-Direttore-Generale-di-Terna-39f4ea3a-8325-4172-8c0c-8effbddf3655.html\" title=\"Stefano Donnarumma ospite a &quot;Rai Radio 1&quot;\">Stefano Donnarumma<\/a> protagonista di un approfondimento sul caro bollette e sulle possibili soluzioni da attuare per risolvere il problema alla radice.<\/strong><\/em><\/p>\n<p><a href=\"https:\/\/www.raiplayradio.it\/audio\/2021\/09\/Stefano-Antonio-Donnarumma-Amministratore-delegato-e-Direttore-Generale-di-Terna-39f4ea3a-8325-4172-8c0c-8effbddf3655.html\" title=\"Stefano Donnarumma: approfondimento sul rincaro - raiplayradio\"><img loading=\"lazy\" decoding=\"async\" alt=\"Stefano Donnarumma\" height=\"120\" src=\"https:\/\/www.raiplayradio.it\/cropgd\/252x252\/dl\/img\/2021\/09\/16\/1631782192439_unnamed%201.jpg\" width=\"120\" \/><\/a><\/p>\n<h2>Stefano Donnarumma (Terna): dietro il rincaro l&#8217;aumento del prezzo del gas<\/h2>\n<p>L&#8217;aumento dei costi elettrici e delle bollette degli italiani \u00e8 al centro del dibattito pubblico delle ultime settimane. &quot;Radio anch&#8217;io&quot;, la trasmissione condotta da Giorgio Zanchini e Nicole Ramadori, ha dedicato al tema un approfondimento. Tra gli ospiti del programma di Radio 1 <strong>Stefano Donnarumma<\/strong>, Amministratore Delegato e Direttore Generale di <strong>Terna<\/strong>, gestore della rete elettrica nazionale. Nella prima parte del suo intervento il manager ha ricostruito le cause dietro il rincaro fino al 40% di luce e gas atteso nel prossimo trimestre. <em>&quot;Succede che negli ultimi mesi la ripresa economica internazionale dovuta alla riduzione dell&#8217;impatto del Covid ha portato ad un maggiore consumo delle fonti fossili, in particolare del gas. E come sempre accade in un mercato quando cresce la domanda rispetto ad una certa risorsa, i prezzi salgono perch\u00e9 diminuisce la disponibilit\u00e0&quot;<\/em>. Il sistema energetico italiano \u00e8 ancora oggi fortemente dipendente dalle fonti fossili: <em>&quot;Attualmente dalle fonti rinnovabili riusciamo a produrre solo il 35-36% di energia che ci serve. Il restante 60%<\/em> \u2212 precisa <strong>Stefano Donnarumma<\/strong> \u2212 <em>\u00e8 per la maggior parte gas. Questo comporta che se c&#8217;\u00e8 una forte oscillazione del prezzo, il Paese ne risente su quello dell&#8217;energia elettrica&quot;<\/em>.<\/p>\n<h2>Stefano Donnarumma (Terna): flusso dell&#8217;energia oggi da sud a nord grazie alle rinnovabili<\/h2>\n<p>La ripresa post Covid \u00e8 tuttavia iniziata da diversi mesi. Finora le bollette di luce e gas hanno s\u00ec mostrato un aumento, ma non di questa entit\u00e0. <em>&quot;Nel precedente trimestre<\/em> &#8211; ricorda <a href=\"https:\/\/www.raiplayradio.it\/audio\/2021\/09\/Stefano-Antonio-Donnarumma-Amministratore-delegato-e-Direttore-Generale-di-Terna-39f4ea3a-8325-4172-8c0c-8effbddf3655.html\" title=\"Stefano Donnarumma: la riflessione - raiplayradio\">Stefano Donnarumma<\/a> &#8211; <em>il Governo ha operato un intervento di circa 1,2 miliardi di euro per ridurre quelli che si chiamano oneri generali di sistema. Il costo in bolletta si divide in costo della materia prima, ristoro per la gestione delle reti (il nostro, che rappresenta solo il 4% in bolletta), gli oneri di sistema e le imposte&quot;<\/em>. Un nuovo intervento dello Stato, bench\u00e9 auspicabile visti i tempi stretti, non farebbe che rimandare il problema, spiega l&#8217;AD e DG di <strong>Terna<\/strong>. <em>&quot;Prospetticamente c&#8217;\u00e8 solo una soluzione. Aumentare la produzione di energia rinnovabile per renderci sempre pi\u00f9 autonomi e indipendenti&quot;<\/em>. Il Mezzogiorno, con la sua abbondanza di sole e di vento, \u00e8 la chiave per questa transizione: <em>&quot;Il lavoro di <strong>Terna<\/strong> \u00e8 continuare a costruire, irrobustire e adeguare l&#8217;infrastruttura di rete affinch\u00e9 si possa prendere l&#8217;energia e trasportarla al nord Italia, dove sono collocate le grandi industrie che la assorbono. Abbiamo 18 miliardi di investimenti in 10 anni. Risorse che producono circa 1.000 posti di lavoro per ogni miliardo e un indotto economico tre volte maggiore sul Pil. Questa \u00e8 ci\u00f2 che noi facciamo, la nostra missione&quot;<\/em>, conclude <strong>Stefano Donnarumma<\/strong>. <\/p>\n","protected":false},"excerpt":{"rendered":"<p>Su Rai Radio 1 l&#8217;AD e DG di Terna Stefano Donnarumma protagonista di un approfondimento sul caro bollette e sulle possibili soluzioni da attuare per risolvere il problema alla radice. Stefano Donnarumma (Terna): dietro il rincaro l&#8217;aumento del prezzo del gas L&#8217;aumento dei costi elettrici e delle bollette degli italiani \u00e8 al centro del dibattito [&hellip;]<\/p>\n","protected":false},"author":3860,"featured_media":0,"comment_status":"open","ping_status":"open","sticky":false,"template":"","format":"standard","meta":{"footnotes":""},"categories":[7],"tags":[27722,17416],"class_list":["post-62363","post","type-post","status-publish","format-standard","hentry","category-economia-e-finanza","tag-stefano-donnarumma","tag-terna"],"_links":{"self":[{"href":"https:\/\/www.area-press.eu\/comunicatistampa\/wp-json\/wp\/v2\/posts\/62363","targetHints":{"allow":["GET"]}}],"collection":[{"href":"https:\/\/www.area-press.eu\/comunicatistampa\/wp-json\/wp\/v2\/posts"}],"about":[{"href":"https:\/\/www.area-press.eu\/comunicatistampa\/wp-json\/wp\/v2\/types\/post"}],"author":[{"embeddable":true,"href":"https:\/\/www.area-press.eu\/comunicatistampa\/wp-json\/wp\/v2\/users\/3860"}],"replies":[{"embeddable":true,"href":"https:\/\/www.area-press.eu\/comunicatistampa\/wp-json\/wp\/v2\/comments?post=62363"}],"version-history":[{"count":1,"href":"https:\/\/www.area-press.eu\/comunicatistampa\/wp-json\/wp\/v2\/posts\/62363\/revisions"}],"predecessor-version":[{"id":62364,"href":"https:\/\/www.area-press.eu\/comunicatistampa\/wp-json\/wp\/v2\/posts\/62363\/revisions\/62364"}],"wp:attachment":[{"href":"https:\/\/www.area-press.eu\/comunicatistampa\/wp-json\/wp\/v2\/media?parent=62363"}],"wp:term":[{"taxonomy":"category","embeddable":true,"href":"https:\/\/www.area-press.eu\/comunicatistampa\/wp-json\/wp\/v2\/categories?post=62363"},{"taxonomy":"post_tag","embeddable":true,"href":"https:\/\/www.area-press.eu\/comunicatistampa\/wp-json\/wp\/v2\/tags?post=62363"}],"curies":[{"name":"wp","href":"https:\/\/api.w.org\/{rel}","templated":true}]}}