{"id":62132,"date":"2021-09-23T18:30:35","date_gmt":"2021-09-23T16:30:35","guid":{"rendered":"https:\/\/www.area-press.eu\/comunicatistampa\/?p=62132"},"modified":"2021-09-23T18:30:35","modified_gmt":"2021-09-23T16:30:35","slug":"enel-francesco-starace-auto-e-trasporti-elettrici-fattori-scatenanti-del-cambiamento","status":"publish","type":"post","link":"https:\/\/www.area-press.eu\/comunicatistampa\/2021\/09\/23\/enel-francesco-starace-auto-e-trasporti-elettrici-fattori-scatenanti-del-cambiamento\/","title":{"rendered":"Enel, Francesco Starace: \u201cAuto e trasporti elettrici fattori scatenanti del cambiamento\u201d"},"content":{"rendered":"<p><em><strong>L&#8217;elettrificazione della societ\u00e0 \u00e8 un fenomeno gi\u00e0 in atto, ha detto <\/strong><\/em><a href=\"https:\/\/www.h2biz.net\/Manager\/francesco-starace-9886\" title=\"Francesco Starace, la biografia - H2biz\"><em><strong>Francesco Starace<\/strong><\/em><\/a><em><strong> ai microfoni di &quot;Repubblica delle Idee 2021&quot;. L&#8217;AD di Enel lo ha definito un cambiamento &quot;inevitabile&quot;.<\/strong><\/em><\/p>\n<p><a href=\"https:\/\/www.h2biz.net\/Manager\/francesco-starace-9886\" title=\"Francesco Starace: la carriera - H2biz\"><img loading=\"lazy\" decoding=\"async\" alt=\"Francesco Starace\" height=\"120\" src=\"https:\/\/www.h2biz.net\/images\/Plats\/crop_min_13943-i-francesco%20starace.jpg\" width=\"120\" \/><\/a><\/p>\n<h2>Francesco Starace (Enel): transizione elettrica, a che punto siamo<\/h2>\n<p>\u00c8 sotto gli occhi di tutti il cambiamento che da qualche anno sta avvenendo nel settore dell&#8217;energia. Basta guardarsi un attimo attorno per capire quanto l&#8217;elettrificazione stia prendendo il sopravvento rispetto alle altre fonti. Una transizione verso l&#8217;elettrico che, spiega <strong>Francesco Starace<\/strong>, <em>&quot;acquista una velocit\u00e0 tale che ce ne accorgiamo&quot;<\/em>. Durante la sua partecipazione all&#8217;evento &quot;Repubblica delle Idee 2021&quot;, l&#8217;Amministratore Delegato e Direttore Generale di Enel si \u00e8 soffermato sugli aspetti principali di questa tendenza verso l&#8217;elettrico. <em>&quot;Siamo senz&#8217;altro in un momento di inflessione, in cui quello che sta avvenendo accelera<\/em> \u2212 ha detto il manager \u2212 <em>Nel mondo dell&#8217;energia la parte elettrica sta diventando quella che prevale all&#8217;interno di uno scontro, in corso da un po&#8217;, fra fonti fossili e fonti elettriche&quot;<\/em>. Sebbene ci siano ancora alcune resistenze, anche l&#8217;industria ha iniziato a guardare sempre di pi\u00f9 all&#8217;elettrico: <em>&quot;Lo stanno facendo tutti, chi pi\u00f9 chi meno<\/em> &#8211; ha evidenziato <strong>Francesco Starace<\/strong> &#8211; <em>Guardo a quel che \u00e8 successo nel mio settore, quello della produzione di energia: anche i pi\u00f9 resistenti hanno capito che era necessario abbandonare il termico&quot;<\/em>.<\/p>\n<h2>Francesco Starace (Enel): il ruolo dell&#8217;auto nella transizione<\/h2>\n<p>Per <a href=\"https:\/\/www.h2biz.net\/Manager\/francesco-starace-9886\" title=\"Francesco Starace: il percorso professionale\">Francesco Starace<\/a> l&#8217;automobile e in generale il trasporto pubblico elettrico sono le chiavi fondamentali per attuare una vera transizione, non solo a livello energetico ma anche culturale. <em>&quot;L&#8217;auto ha una capacit\u00e0 di penetrare nella nostra psiche superiore ad altre cose: insieme al trasporto pubblico elettrico saranno fattore scatenante del cambiamento culturale&quot;<\/em>. Una rivoluzione che influenzer\u00e0, e non poco, diversi aspetti della vita quotidiana: <em>&quot;Il mondo sar\u00e0 molto pi\u00f9 elettrico e digitalizzabile, e quindi pi\u00f9 preciso ed efficiente come veicolo di trasmissione dell&#8217;energia, con un impatto ambientale molto basso. \u00c8 una transizione inevitabile e che porter\u00e0 molti benefici&quot;<\/em>. Sul tema batterie, che ancora oggi presenta opinioni contrastanti, <strong>Francesco Starace<\/strong> spiega che si tratta di una problematica gi\u00e0 in via di risoluzione: <em>&quot;Parliamo di una tecnologia in grande evoluzione, con prestazioni che solo 2-3 anni fa parevano impensabili. Probabilmente fra pochi anni si riuscir\u00e0 ad arrivare a 1.000 km di autonomia senza doversi fermare&quot;<\/em>. L&#8217;AD conclude il suo intervento soffermandosi sull&#8217;Italia, finora protagonista di un forte balzo verso l&#8217;elettrificazione ma che oggi sta rallentando. La causa \u00e8 la fine degli incentivi: <em>&quot;L&#8217;Italia ha semplicemente fatto troppo all&#8217;inizio e ha raggiunto obiettivi importanti. Ora occorre entrare nella competizione vera e riprendere a investire&quot;<\/em>.<\/p>\n","protected":false},"excerpt":{"rendered":"<p>L&#8217;elettrificazione della societ\u00e0 \u00e8 un fenomeno gi\u00e0 in atto, ha detto Francesco Starace ai microfoni di &quot;Repubblica delle Idee 2021&quot;. L&#8217;AD di Enel lo ha definito un cambiamento &quot;inevitabile&quot;. Francesco Starace (Enel): transizione elettrica, a che punto siamo \u00c8 sotto gli occhi di tutti il cambiamento che da qualche anno sta avvenendo nel settore dell&#8217;energia. [&hellip;]<\/p>\n","protected":false},"author":3920,"featured_media":0,"comment_status":"open","ping_status":"open","sticky":false,"template":"","format":"standard","meta":{"footnotes":""},"categories":[7],"tags":[10926],"class_list":["post-62132","post","type-post","status-publish","format-standard","hentry","category-economia-e-finanza","tag-francesco-starace"],"_links":{"self":[{"href":"https:\/\/www.area-press.eu\/comunicatistampa\/wp-json\/wp\/v2\/posts\/62132","targetHints":{"allow":["GET"]}}],"collection":[{"href":"https:\/\/www.area-press.eu\/comunicatistampa\/wp-json\/wp\/v2\/posts"}],"about":[{"href":"https:\/\/www.area-press.eu\/comunicatistampa\/wp-json\/wp\/v2\/types\/post"}],"author":[{"embeddable":true,"href":"https:\/\/www.area-press.eu\/comunicatistampa\/wp-json\/wp\/v2\/users\/3920"}],"replies":[{"embeddable":true,"href":"https:\/\/www.area-press.eu\/comunicatistampa\/wp-json\/wp\/v2\/comments?post=62132"}],"version-history":[{"count":1,"href":"https:\/\/www.area-press.eu\/comunicatistampa\/wp-json\/wp\/v2\/posts\/62132\/revisions"}],"predecessor-version":[{"id":62136,"href":"https:\/\/www.area-press.eu\/comunicatistampa\/wp-json\/wp\/v2\/posts\/62132\/revisions\/62136"}],"wp:attachment":[{"href":"https:\/\/www.area-press.eu\/comunicatistampa\/wp-json\/wp\/v2\/media?parent=62132"}],"wp:term":[{"taxonomy":"category","embeddable":true,"href":"https:\/\/www.area-press.eu\/comunicatistampa\/wp-json\/wp\/v2\/categories?post=62132"},{"taxonomy":"post_tag","embeddable":true,"href":"https:\/\/www.area-press.eu\/comunicatistampa\/wp-json\/wp\/v2\/tags?post=62132"}],"curies":[{"name":"wp","href":"https:\/\/api.w.org\/{rel}","templated":true}]}}