{"id":62130,"date":"2021-09-23T18:30:35","date_gmt":"2021-09-23T16:30:35","guid":{"rendered":"https:\/\/www.area-press.eu\/comunicatistampa\/?p=62130"},"modified":"2021-09-23T18:30:35","modified_gmt":"2021-09-23T16:30:35","slug":"medicair-food-e-la-shelf-life-degli-alimenti-di-cosa-si-tratta","status":"publish","type":"post","link":"https:\/\/www.area-press.eu\/comunicatistampa\/2021\/09\/23\/medicair-food-e-la-shelf-life-degli-alimenti-di-cosa-si-tratta\/","title":{"rendered":"MedicAir Food e la shelf-life degli alimenti: di cosa si tratta?"},"content":{"rendered":"<p><i>MedicAir Food, azienda di consulenza alimentare, rappresenta un importante punto di riferimento per la ricerca e lo sviluppo di nuove soluzioni per prolungare la shelf-life degli alimenti.<\/i><\/p>\n<p><img loading=\"lazy\" decoding=\"async\" class=\"alignleft\" src=\"https:\/\/lh3.googleusercontent.com\/proxy\/QBLjOu8mVYh5_TFcrPYyznHAb8t_zFiDmB3pLYVRebWABxsP0-giDiZ2kDXVmC8gyyDmXZUftW-kroi0FZDI4HcZHK13GS0nW8aBvGZuzP0YnVGCvg1FuBXUWte0hJBZveDGuLMUKjbvb7sTbxM\" alt=\"\" width=\"200\" height=\"200\" \/>Milano, settembre 2021 \u2013 <a href=\"https:\/\/www.medicairfood.com\/shelf-life-degli-alimenti-cos-e\/\">L\u2019espressione <b>shelf-life degli alimenti<\/b> \u00e8 diventata sempre pi\u00f9 di uso comune nel corso degli ultimi anni<\/a>, ma per comprenderne appieno il significato \u00e8 bene rivolgersi a esperti del settore, in grado di fornire una spiegazione completa ed esaustiva. Il team di <b>MedicAir Food<\/b> \u2013 azienda di consulenza alimentare nata come spin-off di MedicAir Group, leader nell\u2019ambito dell&#8217;Home Care \u2013 affronta tutti i giorni le sfide legate proprio al prolungamento della shelf-life degli alimenti, al fine di <b>evitare gli sprechi e migliorare la qualit\u00e0 dei prodotti destinati al consumo.<\/b><\/p>\n<p>La shelf-life, infatti, <b>espressione che tradotta letteralmente dall\u2019inglese suona come \u201cvita di scaffale\u201d, designa la vita commerciale di un alimento, ossia il tempo che intercorre tra la sua produzione e il suo consumo,<\/b> senza che si incorra nel rischio di problemi di salute.<\/p>\n<p>In particolare, si parla solitamente di <b>shelf-life primaria<\/b> e <b>shelf-life secondaria<\/b>, indicando con la prima l\u2019intervallo di tempo compreso tra la produzione e il confezionamento, mentre con la seconda la capacit\u00e0, da parte del prodotto, di conservare le sue qualit\u00e0 nutrizionali, organolettiche e igieniche anche dopo l\u2019apertura della confezione. In sintesi, <b>la shelf-life di un alimento risulta accettabile nel momento in cui non si ravvisa la presenza di microrganismi nocivi per la salute umana, n\u00e9 modifiche di odore, sapore, colore e nemmeno, infine, una diminuzione delle sue propriet\u00e0 nutritive<\/b> dovute, per esempio, all\u2019ossidazione delle materie prime.<\/p>\n<p>Per il consumatore finale, comprendere qual \u00e8 la shelf-life di un alimento \u00e8 abbastanza facile: occorre semplicemente saper <b>leggere nel modo corretto l\u2019indicazione della data di scadenza del prodotto.<\/b> Infatti, gli alimenti sulla cui confezione \u00e8 riportata la dicitura <i>\u201cda consumarsi entro\u2026\u201d<\/i> non possono essere consumati oltre il periodo di tempo indicato, mentre quelli con riportata la dicitura <i>\u201cda consumarsi preferibilmente entro\u2026\u201d<\/i> possono essere consumati anche qualche giorno dopo la data di scadenza.<\/p>\n","protected":false},"excerpt":{"rendered":"<p>MedicAir Food, azienda di consulenza alimentare, rappresenta un importante punto di riferimento per la ricerca e lo sviluppo di nuove soluzioni per prolungare la shelf-life degli alimenti. Milano, settembre 2021 \u2013 L\u2019espressione shelf-life degli alimenti \u00e8 diventata sempre pi\u00f9 di uso comune nel corso degli ultimi anni, ma per comprenderne appieno il significato \u00e8 bene [&hellip;]<\/p>\n","protected":false},"author":4517,"featured_media":0,"comment_status":"open","ping_status":"open","sticky":false,"template":"","format":"standard","meta":{"footnotes":""},"categories":[19187],"tags":[],"class_list":["post-62130","post","type-post","status-publish","format-standard","hentry","category-dieta-e-alimentazione"],"_links":{"self":[{"href":"https:\/\/www.area-press.eu\/comunicatistampa\/wp-json\/wp\/v2\/posts\/62130","targetHints":{"allow":["GET"]}}],"collection":[{"href":"https:\/\/www.area-press.eu\/comunicatistampa\/wp-json\/wp\/v2\/posts"}],"about":[{"href":"https:\/\/www.area-press.eu\/comunicatistampa\/wp-json\/wp\/v2\/types\/post"}],"author":[{"embeddable":true,"href":"https:\/\/www.area-press.eu\/comunicatistampa\/wp-json\/wp\/v2\/users\/4517"}],"replies":[{"embeddable":true,"href":"https:\/\/www.area-press.eu\/comunicatistampa\/wp-json\/wp\/v2\/comments?post=62130"}],"version-history":[{"count":1,"href":"https:\/\/www.area-press.eu\/comunicatistampa\/wp-json\/wp\/v2\/posts\/62130\/revisions"}],"predecessor-version":[{"id":62133,"href":"https:\/\/www.area-press.eu\/comunicatistampa\/wp-json\/wp\/v2\/posts\/62130\/revisions\/62133"}],"wp:attachment":[{"href":"https:\/\/www.area-press.eu\/comunicatistampa\/wp-json\/wp\/v2\/media?parent=62130"}],"wp:term":[{"taxonomy":"category","embeddable":true,"href":"https:\/\/www.area-press.eu\/comunicatistampa\/wp-json\/wp\/v2\/categories?post=62130"},{"taxonomy":"post_tag","embeddable":true,"href":"https:\/\/www.area-press.eu\/comunicatistampa\/wp-json\/wp\/v2\/tags?post=62130"}],"curies":[{"name":"wp","href":"https:\/\/api.w.org\/{rel}","templated":true}]}}