{"id":62117,"date":"2021-09-11T01:18:26","date_gmt":"2021-09-10T23:18:26","guid":{"rendered":"https:\/\/www.area-press.eu\/comunicatistampa\/?p=62117"},"modified":"2021-10-22T17:40:17","modified_gmt":"2021-10-22T15:40:17","slug":"gli-aristos-ospiti-al-poohday-evento-nazionale-dedicato-a-stefano-dorazio-dei-pooh","status":"publish","type":"post","link":"https:\/\/www.area-press.eu\/comunicatistampa\/2021\/09\/11\/gli-aristos-ospiti-al-poohday-evento-nazionale-dedicato-a-stefano-dorazio-dei-pooh\/","title":{"rendered":"Gli Aristos ospiti al PoohDay, evento nazionale dedicato a Stefano D&#8217;Orazio dei Pooh"},"content":{"rendered":"<p>La band sar\u00e0 ospite dell&#8217;evento PoohDay \u2013 Ricordando Stefano D&#8217;Orazio, l\u2019evento dedicato al batterista dei Pooh, in diretta radio e in contemporanea radiovisione dagli studi di Cologno Monzese su DeejayFox Radio Station<\/p>\n<p>Gli Aristos, Pooh Official Tribute Band e session men di noti artisti nazionali e internazionali, saranno ospiti il 12 settembre al PoohDay, l&#8217;evento nazionale che si terr\u00e0 per ricordare Stefano D&#8217;Orazio nel giorno del suo compleanno, in diretta radio e in contemporanea radiovisione dagli studi di Cologno Monzese su DeejayFox Radio Station a partire dalle ore 10:00, con la conduzione e le interviste di Oscar Pavanello e Max Pavone. Dopo la scomparsa del celebre batterista dei Pooh, DeejayFox Radio Station dedicher\u00e0 un&#8217;intera giornata in ricordo di Stefano D&#8217;Orazio, un evento in preparazione da mesi che vedr\u00e0 protagonisti, durante la diretta radio e radiovisione, i suoi fans che testimonieranno il loro affetto attraverso video e audio messaggi con dediche originali. DeejayFox Radio Station ha raggiunto anche i suoi colleghi Pooh che, a loro volta, rilasceranno interviste audio e video con contenuti inediti e dediche. Insieme ai colleghi ci saranno anche i suoi pi\u00f9 stretti collaboratori e i suoi amici che ne hanno conosciuto l&#8217;umanit\u00e0, la generosit\u00e0 e il grande spirito di vita. La musica dei Pooh sar\u00e0 il filo conduttore dell\u2019evento e le migliori Tribute Band italiane si alterneranno con alcuni dei pi\u00f9 grandi successi dei Pooh. Diverse sono state le collaborazioni dei componenti degli Aristos con gli amici Pooh nel corso del tempo, un legame umano e professionale, fino al riconoscimento di Tribute Band Ufficiale dei Pooh, un percorso artistico suggellato da importanti traguardi, live e l\u2019incisione del singolo Anni senza fiato, tra i pezzi pi\u00f9 rappresentativi della discografia dei Pooh, contenuto all&#8217;interno del doppio CD Pooh Tribute Band Project, registrato a Milano presso gli storici studi di registrazione dei Pooh con la produzione artistica di Red Canzian. Gli Aristos, alias Salvo San Giovanni, Giovanni San Giovanni, Tony Chiarex, Alfredo Cavalieri, Tony Scolaro, ricordano Stefano cos\u00ec: \u201cLa quintessenza dell&#8217;Arte, che \u00e8 la musica, ci ha dato in dono la musica e le parole dei Pooh, poter averli vissuti dapprima come fruitori, successivamente con l&#8217;amicizia e il privilegio di diventare una Official Tribute Band dei Pooh e di collaborare con i Pooh in pi\u00f9 occasioni \u00e8 qualcosa di speciale. Parlare e raccontare di Stefano D\u2019Orazio in questa situazione sembra irreale. A Stefano ci legano i ricordi indelebili di tantissimi anni, per tutte le volte che ci incontravamo, che ci scambiavamo impressioni artistiche, i concerti, il palco, il dietro le quinte, i suoi uffici, gli amici in comune, le sue gigantesche batterie e tutto quello che ha rappresentato Stefano, per le sue spiccate capacit\u00e0 artistiche e manageriali che sono state importantissime nell\u2019arco della lunghissima carriera dei Pooh e che andavano ben oltre il salire sul palco la sera e prendere gli applausi. Stefano \u00e8 e sar\u00e0 per sempre un immenso artista e uomo\u201d.<\/p>\n<p>&nbsp;<\/p>\n","protected":false},"excerpt":{"rendered":"<p>La band sar\u00e0 ospite dell&#8217;evento PoohDay \u2013 Ricordando Stefano D&#8217;Orazio, l\u2019evento dedicato al batterista dei Pooh, in diretta radio e in contemporanea radiovisione dagli studi di Cologno Monzese su DeejayFox Radio Station Gli Aristos, Pooh Official Tribute Band e session men di noti artisti nazionali e internazionali, saranno ospiti il 12 settembre al PoohDay, l&#8217;evento [&hellip;]<\/p>\n","protected":false},"author":7138,"featured_media":0,"comment_status":"open","ping_status":"open","sticky":false,"template":"","format":"standard","meta":{"footnotes":""},"categories":[29],"tags":[],"class_list":["post-62117","post","type-post","status-publish","format-standard","hentry","category-comunicati"],"_links":{"self":[{"href":"https:\/\/www.area-press.eu\/comunicatistampa\/wp-json\/wp\/v2\/posts\/62117","targetHints":{"allow":["GET"]}}],"collection":[{"href":"https:\/\/www.area-press.eu\/comunicatistampa\/wp-json\/wp\/v2\/posts"}],"about":[{"href":"https:\/\/www.area-press.eu\/comunicatistampa\/wp-json\/wp\/v2\/types\/post"}],"author":[{"embeddable":true,"href":"https:\/\/www.area-press.eu\/comunicatistampa\/wp-json\/wp\/v2\/users\/7138"}],"replies":[{"embeddable":true,"href":"https:\/\/www.area-press.eu\/comunicatistampa\/wp-json\/wp\/v2\/comments?post=62117"}],"version-history":[{"count":2,"href":"https:\/\/www.area-press.eu\/comunicatistampa\/wp-json\/wp\/v2\/posts\/62117\/revisions"}],"predecessor-version":[{"id":62119,"href":"https:\/\/www.area-press.eu\/comunicatistampa\/wp-json\/wp\/v2\/posts\/62117\/revisions\/62119"}],"wp:attachment":[{"href":"https:\/\/www.area-press.eu\/comunicatistampa\/wp-json\/wp\/v2\/media?parent=62117"}],"wp:term":[{"taxonomy":"category","embeddable":true,"href":"https:\/\/www.area-press.eu\/comunicatistampa\/wp-json\/wp\/v2\/categories?post=62117"},{"taxonomy":"post_tag","embeddable":true,"href":"https:\/\/www.area-press.eu\/comunicatistampa\/wp-json\/wp\/v2\/tags?post=62117"}],"curies":[{"name":"wp","href":"https:\/\/api.w.org\/{rel}","templated":true}]}}