{"id":62061,"date":"2021-09-23T18:30:29","date_gmt":"2021-09-23T16:30:29","guid":{"rendered":"https:\/\/www.area-press.eu\/comunicatistampa\/?p=62061"},"modified":"2021-09-23T18:30:29","modified_gmt":"2021-09-23T16:30:29","slug":"the-voice-of-business-intervista-lad-e-dg-di-terna-stefano-donnarumma","status":"publish","type":"post","link":"https:\/\/www.area-press.eu\/comunicatistampa\/2021\/09\/23\/the-voice-of-business-intervista-lad-e-dg-di-terna-stefano-donnarumma\/","title":{"rendered":"\u201cThe Voice of Business\u201d intervista l\u2019AD e DG di Terna Stefano Donnarumma"},"content":{"rendered":"<p><em><strong><a href=\"https:\/\/gds.it\/articoli\/economia\/2021\/08\/17\/terna-via-alla-gara-per-la-realizzazione-di-due-stazioni-elettriche-in-sicilia-507dfd3e-1b90-407d-9fd7-4499f8901751\/\" title=\"Stefano Donnarumma: il Tyrrhenian Link\">Stefano Donnarumma<\/a> ha parlato del percorso che ha condotto Terna a diventare il maggiore operatore indipendente di reti per la trasmissione di energia elettrica in Europa, analizzando inoltre le sfide principali in corso nel mondo dell&#8217;energia.<\/strong><\/em><\/p>\n<p><a href=\"https:\/\/gds.it\/articoli\/economia\/2021\/08\/17\/terna-via-alla-gara-per-la-realizzazione-di-due-stazioni-elettriche-in-sicilia-507dfd3e-1b90-407d-9fd7-4499f8901751\/\" title=\"Stefano Donnarumma: le nuove stazioni elettriche\"><img decoding=\"async\" alt=\"Stefano Donnarumma\" src=\"https:\/\/gdsit.cdn-immedia.net\/2021\/08\/Stefano-Donnarumma-625x350.jpg\" width=\"120\" \/><\/a><\/p>\n<h2>Stefano Donnarumma: il ruolo di Terna per una rete elettrica pi\u00f9 moderna ed efficiente<\/h2>\n<p><strong>Terna<\/strong> nel suo impegno di regista del sistema energetico nazionale e abilitatore della transizione energetica. Il messaggio di <strong>Stefano Donnarumma<\/strong> emerge con chiarezza nel corso di un&#8217;intervista rilasciata a &quot;The Voice of Business&quot;, canale web guidato da Pimm Fox che ospita i protagonisti dell&#8217;industria, dell&#8217;economia e della politica in Europa e negli Stati Uniti. Maggiore operatore indipendente di reti per la trasmissione di energia elettrica in Europa, il Gruppo ha un ruolo cruciale nel sistema elettrico italiano: come ricordato dall&#8217;AD e DG nell&#8217;intervista, <strong>Terna<\/strong> opera infatti nelle <em>&quot;attivit\u00e0 di trasmissione di energia elettrica sulla rete ad alta e altissima tensione in tutto il territorio nazionale&quot;<\/em>. Un compito di indubbia rilevanza che vede il Gruppo, al contempo, fortemente impegnato nel favorire il processo di transizione sostenibile, una delle pi\u00f9 importanti sfide affrontate oggi in Italia e nel mondo. Proprio in tal senso \u00e8 orientato il Piano Industriale 2021-2025 del Gruppo: presentato a novembre 2020 da <strong>Stefano Donnarumma<\/strong>, prevede investimenti pari a 8,9 miliardi di euro (+22% rispetto al precedente), il 95% dei quali \u00e8 di tipo sostenibile in base ai criteri della Tassonomia Europea.<\/p>\n<h2>Investimenti sostenibili e network internazionale nel focus dell&#8217;AD e DG Stefano Donnarumma<\/h2>\n<p><a href=\"https:\/\/gds.it\/articoli\/economia\/2021\/08\/17\/terna-via-alla-gara-per-la-realizzazione-di-due-stazioni-elettriche-in-sicilia-507dfd3e-1b90-407d-9fd7-4499f8901751\/\" title=\"Stefano Donnarumma: stazioni elettriche in Sicilia\">Stefano Donnarumma<\/a> ha evidenziato inoltre come le fondamenta delle strategie di <strong>Terna<\/strong> siano orientate verso investimenti sostenibili per la rete di trasmissione nazionale: un obiettivo fortemente connesso all&#8217;integrazione delle fonti rinnovabili e all&#8217;incremento dell&#8217;efficienza e della sicurezza del sistema. L&#8217;impegno \u00e8 inoltre quello di rafforzare le dorsali nazionali, indispensabili per il trasporto dell&#8217;energia dai luoghi di produzione a quelli di consumo. Nel corso dell&#8217;intervista, <strong>Stefano Donnarumma<\/strong> ha parlato anche degli sforzi compiuti dal Gruppo durante la crisi pandemica, periodo che ha registrato <em>&quot;un crollo drammatico dei consumi, che ha toccato valori pari al -40% in alcune fasce orarie&quot;<\/em>. Insieme agli altri operatori europei, l&#8217;attenzione del Gruppo \u00e8 stata finalizzata a limitare le conseguenze della pandemia sulle persone e sull&#8217;approvvigionamento di energia elettrica, garantendo la stabilit\u00e0 del sistema elettrico, la continuit\u00e0 del servizio e il funzionamento delle infrastrutture di rete. Come sottolineato dall&#8217;AD e DG, oggi <strong>Terna<\/strong> \u00e8 sempre pi\u00f9 intenzionata a rafforzare la sua centralit\u00e0 nel sistema energetico, sia in Italia che all&#8217;estero: una sfida, ha rimarcato in conclusione, che vede il Gruppo <em>&quot;operare all&#8217;interno di una comunit\u00e0 di tipo internazionale, in cui vengono condivise conoscenze, know-how ed esperienze&quot;<\/em>. <\/p>\n","protected":false},"excerpt":{"rendered":"<p>Stefano Donnarumma ha parlato del percorso che ha condotto Terna a diventare il maggiore operatore indipendente di reti per la trasmissione di energia elettrica in Europa, analizzando inoltre le sfide principali in corso nel mondo dell&#8217;energia. Stefano Donnarumma: il ruolo di Terna per una rete elettrica pi\u00f9 moderna ed efficiente Terna nel suo impegno di [&hellip;]<\/p>\n","protected":false},"author":3860,"featured_media":0,"comment_status":"open","ping_status":"open","sticky":false,"template":"","format":"standard","meta":{"footnotes":""},"categories":[7],"tags":[27722,17416],"class_list":["post-62061","post","type-post","status-publish","format-standard","hentry","category-economia-e-finanza","tag-stefano-donnarumma","tag-terna"],"_links":{"self":[{"href":"https:\/\/www.area-press.eu\/comunicatistampa\/wp-json\/wp\/v2\/posts\/62061","targetHints":{"allow":["GET"]}}],"collection":[{"href":"https:\/\/www.area-press.eu\/comunicatistampa\/wp-json\/wp\/v2\/posts"}],"about":[{"href":"https:\/\/www.area-press.eu\/comunicatistampa\/wp-json\/wp\/v2\/types\/post"}],"author":[{"embeddable":true,"href":"https:\/\/www.area-press.eu\/comunicatistampa\/wp-json\/wp\/v2\/users\/3860"}],"replies":[{"embeddable":true,"href":"https:\/\/www.area-press.eu\/comunicatistampa\/wp-json\/wp\/v2\/comments?post=62061"}],"version-history":[{"count":1,"href":"https:\/\/www.area-press.eu\/comunicatistampa\/wp-json\/wp\/v2\/posts\/62061\/revisions"}],"predecessor-version":[{"id":62062,"href":"https:\/\/www.area-press.eu\/comunicatistampa\/wp-json\/wp\/v2\/posts\/62061\/revisions\/62062"}],"wp:attachment":[{"href":"https:\/\/www.area-press.eu\/comunicatistampa\/wp-json\/wp\/v2\/media?parent=62061"}],"wp:term":[{"taxonomy":"category","embeddable":true,"href":"https:\/\/www.area-press.eu\/comunicatistampa\/wp-json\/wp\/v2\/categories?post=62061"},{"taxonomy":"post_tag","embeddable":true,"href":"https:\/\/www.area-press.eu\/comunicatistampa\/wp-json\/wp\/v2\/tags?post=62061"}],"curies":[{"name":"wp","href":"https:\/\/api.w.org\/{rel}","templated":true}]}}