{"id":62053,"date":"2021-09-23T18:30:28","date_gmt":"2021-09-23T16:30:28","guid":{"rendered":"https:\/\/www.area-press.eu\/comunicatistampa\/?p=62053"},"modified":"2021-09-23T18:30:28","modified_gmt":"2021-09-23T16:30:28","slug":"italchimica-il-programma-green-dellad-alessandro-fioretto-punta-su-sostenibilita-e-trasparenza","status":"publish","type":"post","link":"https:\/\/www.area-press.eu\/comunicatistampa\/2021\/09\/23\/italchimica-il-programma-green-dellad-alessandro-fioretto-punta-su-sostenibilita-e-trasparenza\/","title":{"rendered":"Italchimica, il programma Green dell\u2019AD Alessandro Fioretto punta su sostenibilit\u00e0 e trasparenza"},"content":{"rendered":"<p><em><strong>Per l&#8217;Amministratore Delegato di Italchimica <a title=\"Alessandro Fioretto: il profilo - webpressvalue\" href=\"https:\/\/webpressvalue.com\/tag\/alessandro-fioretto\/\">Alessandro Fioretto<\/a> la sostenibilit\u00e0 \u00e8 un impegno &#8220;permanente&#8221;. L&#8217;azienda punta a raggiungere al pi\u00f9 presto la carbon neutrality.<\/strong><\/em><\/p>\n<p><a title=\"Alessandro Fioretto - webpressvalue\" href=\"https:\/\/webpressvalue.com\/tag\/alessandro-fioretto\/\"><img decoding=\"async\" src=\"https:\/\/webpressvalue.com\/wp-content\/uploads\/2021\/09\/alessandro-fioretto-1-300x199.jpg\" alt=\"Alessandro Fioretto\" width=\"120\" \/><\/a><\/p>\n<h2>Alessandro Fioretto: &#8220;Sostenibilit\u00e0 viaggio consapevole verso orizzonte inclusivo e resiliente&#8221;<\/h2>\n<p>La sostenibilit\u00e0 si conferma il driver principale della strategia portata avanti da <strong>Italchimica<\/strong>. <em>Grazie a Green Change Matters<\/em>, programma di responsabilit\u00e0 aziendale promosso dal fondatore e AD <strong>Alessandro Fioretto<\/strong>, il leader del settore della pulizia professionale prosegue a passo spedito nel percorso sostenibile intrapreso ormai da anni. Tra i traguardi raggiunti la pubblicazione del Bilancio di Sostenibilit\u00e0 2020. Uno strumento di trasparenza oggi pi\u00f9 che mai necessario e che testimonia l&#8217;impegno della realt\u00e0 padovana. <em>&#8220;Il 2020 \u00e8 stato un anno impegnativo<\/em> &#8211; scrive <strong>Alessandro Fioretto<\/strong> nella lettera agli Stakeholder &#8211; <em>La crisi sanitaria ha evidenziato la vulnerabilit\u00e0 dell&#8217;attuale sistema economico globale, evidenziando le sfide socioeconomiche per la circolarit\u00e0 e ha sottolineato la necessit\u00e0 di accelerare l&#8217;Agenda dell&#8217;ONU 2030&#8243;<\/em>. Nell&#8217;anno del Covid-19, <strong>Italchimica<\/strong> ha dunque continuato a perseguire i propri obiettivi sostenibili: <em>&#8220;La sostenibilit\u00e0 per Italchimica rappresenta un viaggio consapevole verso un orizzonte inclusivo e resiliente&#8221;<\/em>.<\/p>\n<h2>Alessandro Fioretto: &#8220;Nostra pi\u00f9 grande sfida \u00e8 diventare azienda net-zero emissioni&#8221;<\/h2>\n<p>In tema di responsabilit\u00e0 ambientale l&#8217;obiettivo a lungo termine di <strong>Italchimica<\/strong> \u00e8 raggiungere la carbon neutrality. <em>&#8220;La nostra pi\u00f9 grande sfida<\/em> &#8211; ha dichiarato <a title=\"Alessandro Fioretto: webpressvalue\" href=\"https:\/\/webpressvalue.com\/tag\/alessandro-fioretto\/\">Alessandro Fioretto<\/a> &#8211; <em>\u00e8 quella di diventare un&#8217;azienda net-zero emissioni, sostenendo il passaggio a una economia sempre pi\u00f9 circolare e aumentando il nostro impatto sociale positivo sulla comunit\u00e0 locale&#8221;<\/em>. Nonostante i grandi passi avanti fatti finora e i successi ottenuti, per l&#8217;Amministratore Delegato di <strong>Italchimica<\/strong> sar\u00e0 necessario accelerare gli sforzi in materia di sostenibilit\u00e0: <em>&#8220;Da ci\u00f2 dipendono il benessere del nostro pianeta e la redditivit\u00e0 futura della nostra attivit\u00e0. Italchimica continuer\u00e0 ad evolvere il suo quadro strategico. Il nostro programma Green Change Matters<\/em> &#8211; conclude <strong>Alessandro Fioretto<\/strong> &#8211; <em>rappresenta un esempio concreto di creazione di valore sostenibile nel tempo, attraverso la comunicazione e la sensibilizzazione delle persone&#8221;<\/em>.<\/p>\n","protected":false},"excerpt":{"rendered":"<p>Per l&#8217;Amministratore Delegato di Italchimica Alessandro Fioretto la sostenibilit\u00e0 \u00e8 un impegno &#8220;permanente&#8221;. L&#8217;azienda punta a raggiungere al pi\u00f9 presto la carbon neutrality. Alessandro Fioretto: &#8220;Sostenibilit\u00e0 viaggio consapevole verso orizzonte inclusivo e resiliente&#8221; La sostenibilit\u00e0 si conferma il driver principale della strategia portata avanti da Italchimica. Grazie a Green Change Matters, programma di responsabilit\u00e0 aziendale [&hellip;]<\/p>\n","protected":false},"author":40,"featured_media":0,"comment_status":"open","ping_status":"open","sticky":false,"template":"","format":"standard","meta":{"footnotes":""},"categories":[29],"tags":[30609],"class_list":["post-62053","post","type-post","status-publish","format-standard","hentry","category-comunicati","tag-alessandro-fioretto"],"_links":{"self":[{"href":"https:\/\/www.area-press.eu\/comunicatistampa\/wp-json\/wp\/v2\/posts\/62053","targetHints":{"allow":["GET"]}}],"collection":[{"href":"https:\/\/www.area-press.eu\/comunicatistampa\/wp-json\/wp\/v2\/posts"}],"about":[{"href":"https:\/\/www.area-press.eu\/comunicatistampa\/wp-json\/wp\/v2\/types\/post"}],"author":[{"embeddable":true,"href":"https:\/\/www.area-press.eu\/comunicatistampa\/wp-json\/wp\/v2\/users\/40"}],"replies":[{"embeddable":true,"href":"https:\/\/www.area-press.eu\/comunicatistampa\/wp-json\/wp\/v2\/comments?post=62053"}],"version-history":[{"count":1,"href":"https:\/\/www.area-press.eu\/comunicatistampa\/wp-json\/wp\/v2\/posts\/62053\/revisions"}],"predecessor-version":[{"id":62054,"href":"https:\/\/www.area-press.eu\/comunicatistampa\/wp-json\/wp\/v2\/posts\/62053\/revisions\/62054"}],"wp:attachment":[{"href":"https:\/\/www.area-press.eu\/comunicatistampa\/wp-json\/wp\/v2\/media?parent=62053"}],"wp:term":[{"taxonomy":"category","embeddable":true,"href":"https:\/\/www.area-press.eu\/comunicatistampa\/wp-json\/wp\/v2\/categories?post=62053"},{"taxonomy":"post_tag","embeddable":true,"href":"https:\/\/www.area-press.eu\/comunicatistampa\/wp-json\/wp\/v2\/tags?post=62053"}],"curies":[{"name":"wp","href":"https:\/\/api.w.org\/{rel}","templated":true}]}}