{"id":6194,"date":"2016-02-15T02:08:36","date_gmt":"2016-02-15T01:08:36","guid":{"rendered":"http:\/\/www.area-press.eu\/comunicatistampa\/?p=6194"},"modified":"2016-02-15T02:08:36","modified_gmt":"2016-02-15T01:08:36","slug":"cori-larte-dolciaria-biovegan-al-biofach-di-norimberga","status":"publish","type":"post","link":"https:\/\/www.area-press.eu\/comunicatistampa\/2016\/02\/15\/cori-larte-dolciaria-biovegan-al-biofach-di-norimberga\/","title":{"rendered":"Cori: l\u2019arte dolciaria BIO\/VEGAN al Biofach di Norimberga"},"content":{"rendered":"<p><strong>L\u2019Azienda Ciardi Dolci Bont\u00e0 di Cori ha presentato in Germania, al Biofach 2016 di Norimberga (10\/13 Febbraio), la sua nuova linea di prodotti BIO\/VEGAN<\/strong>, realizzata con ingredienti da agricoltura biologica, che ne rafforzano le valenze nutrizionali, e dedicata a tutti coloro che cercano alternative per una sana alimentazione quotidiana, basata su una scelta etica di rispetto della terra e degli animali.<\/p>\n<p>La <strong>manualit\u00e0 <\/strong><strong>e la biologicit\u00e0<\/strong> sono i punti di forza di Ciardi, da oltre 50 anni specializzata nella produzione artigianale di biscotti tipici coresi e del Lazio, che nascono da antiche ricette di famiglia, tramandate di generazione in generazione a testimonianza dell\u2019impegno e del rispetto verso una tradizione che ancora oggi si ripete. Un\u2019arte dolciaria che sta riscuotendo sempre pi\u00f9 successo anche in campo internazionale, soprattutto in Europa, Stati Uniti e Canada.<\/p>\n<p><strong>Ciardi Dolci Bont\u00e0 era presente al Biofach 2016 nello spazio espositivo del Lazio, insieme ad altre 13 eccellenze laziali e nell\u2019ambito della partecipazione della Regione Lazio, in collaborazione con l\u2019Arsial<\/strong>, a questa che \u00e8 una delle pi\u00f9 importanti fiere mondiali dedicate all\u2019agroalimentare biologico. Una vetrina prestigiosa nella quale non poteva mancare la regione italiana tra le maggiori produttrici di agricoltura biologica.<\/p>\n<p>Una grande occasione per promuovere le produzioni biologiche regionali sui mercati esteri, che secondo i pi\u00f9 recenti dati SINAB &#8211; Sistema d\u2019Informazione Nazionale dell\u2019Agricoltura Biologica \u2013 registrano una crescita di consumi verso i prodotti biologici del Lazio. <strong>L\u2019agricoltura biologica infatti \u00e8 sinonimo di qualit\u00e0 e sicurezza alimentare, ma anche di salvaguardia delle biodiversit\u00e0, delle tecniche produttive sostenibili e della bellezza del paesaggio rurale<\/strong>.<\/p>\n","protected":false},"excerpt":{"rendered":"<p>L\u2019Azienda Ciardi Dolci Bont\u00e0 di Cori ha presentato in Germania, al Biofach 2016 di Norimberga (10\/13 Febbraio), la sua nuova linea di prodotti BIO\/VEGAN, realizzata con ingredienti da agricoltura biologica, che ne rafforzano le valenze nutrizionali, e dedicata a tutti coloro che cercano alternative per una sana alimentazione quotidiana, basata su una scelta etica di [&hellip;]<\/p>\n","protected":false},"author":659,"featured_media":0,"comment_status":"open","ping_status":"open","sticky":false,"template":"","format":"standard","meta":{"footnotes":""},"categories":[8],"tags":[],"class_list":["post-6194","post","type-post","status-publish","format-standard","hentry","category-eventi"],"_links":{"self":[{"href":"https:\/\/www.area-press.eu\/comunicatistampa\/wp-json\/wp\/v2\/posts\/6194","targetHints":{"allow":["GET"]}}],"collection":[{"href":"https:\/\/www.area-press.eu\/comunicatistampa\/wp-json\/wp\/v2\/posts"}],"about":[{"href":"https:\/\/www.area-press.eu\/comunicatistampa\/wp-json\/wp\/v2\/types\/post"}],"author":[{"embeddable":true,"href":"https:\/\/www.area-press.eu\/comunicatistampa\/wp-json\/wp\/v2\/users\/659"}],"replies":[{"embeddable":true,"href":"https:\/\/www.area-press.eu\/comunicatistampa\/wp-json\/wp\/v2\/comments?post=6194"}],"version-history":[{"count":1,"href":"https:\/\/www.area-press.eu\/comunicatistampa\/wp-json\/wp\/v2\/posts\/6194\/revisions"}],"predecessor-version":[{"id":6195,"href":"https:\/\/www.area-press.eu\/comunicatistampa\/wp-json\/wp\/v2\/posts\/6194\/revisions\/6195"}],"wp:attachment":[{"href":"https:\/\/www.area-press.eu\/comunicatistampa\/wp-json\/wp\/v2\/media?parent=6194"}],"wp:term":[{"taxonomy":"category","embeddable":true,"href":"https:\/\/www.area-press.eu\/comunicatistampa\/wp-json\/wp\/v2\/categories?post=6194"},{"taxonomy":"post_tag","embeddable":true,"href":"https:\/\/www.area-press.eu\/comunicatistampa\/wp-json\/wp\/v2\/tags?post=6194"}],"curies":[{"name":"wp","href":"https:\/\/api.w.org\/{rel}","templated":true}]}}