{"id":61886,"date":"2021-09-23T18:20:24","date_gmt":"2021-09-23T16:20:24","guid":{"rendered":"https:\/\/www.area-press.eu\/comunicatistampa\/?p=61886"},"modified":"2021-09-23T18:20:24","modified_gmt":"2021-09-23T16:20:24","slug":"municipia-s-p-a-la-riflessione-di-stefano-de-capitani-sinergia-pubblico-privato-fondamentale","status":"publish","type":"post","link":"https:\/\/www.area-press.eu\/comunicatistampa\/2021\/09\/23\/municipia-s-p-a-la-riflessione-di-stefano-de-capitani-sinergia-pubblico-privato-fondamentale\/","title":{"rendered":"Municipia S.p.A., la riflessione di Stefano De Capitani: sinergia pubblico-privato \u201cfondamentale\u201d"},"content":{"rendered":"<p><em><strong>Stefano De Capitani \u00e8 Presidente di <a href=\"https:\/\/h2biz.net\/Azienda\/municipia-s-p-a--11974\" title=\"Municipia S.p.A.: le attivit\u00e0 - H2biz\">Municipia S.p.A.<\/a>, societ\u00e0 leader in progetti per smart city e trasformazione digitale dei Comuni di ogni dimensione. In un recente intervento, ha evidenziato come la collaborazione tra pubblico e privato possa fornire solidit\u00e0 ai progetti di crescita in Italia.<\/strong><\/em><\/p>\n<p><a href=\"https:\/\/h2biz.net\/Azienda\/municipia-s-p-a--11974\" title=\"Municipia S.p.A., H2biz\"><img loading=\"lazy\" decoding=\"async\" alt=\"Municipia S.p.A.\" height=\"57\" src=\"https:\/\/h2biz.net\/images\/Plats\/20210524134412.png\" width=\"120\" \/><\/a><\/p>\n<h2>Municipia S.p.A.: il valore del partenariato per Pubblica Amministrazione e cittadini<\/h2>\n<p>Le istituzioni locali, fra cui i Comuni, costituiscono <em>&quot;le fondamenta della nostra societ\u00e0&quot;<\/em>: da qui la necessit\u00e0 di fornire strumenti che garantiscano la realizzazione di progetti solidi per la ripartenza. \u00c8 il Presidente di <strong>Municipia S.p.A.<\/strong> <strong>Stefano De Capitani<\/strong> a porre l&#8217;accento sull&#8217;importanza del partenariato tra pubblico e privato nel nostro Paese: uno strumento, scrive, finalizzato a <em>&quot;dare solidit\u00e0 ai progetti di crescita&quot;<\/em>. <em>&quot;Osservando il settore pubblico, capita di notare una certa ritrosia a concepire progetti di servizio pubblico innovativi rispetto a quelli sviluppati nel passato&quot;<\/em>, segnala il Presidente, che aggiunge: <em>&quot;C&#8217;\u00e8 la tendenza, in diversi casi, a ripercorrere le procedure utilizzate negli anni precedenti a discapito di una nuova elaborazione e riprogettazione avvalendosi di quanto la tecnologia di nuova generazione pu\u00f2 portare&quot;<\/em>. Proprio ci\u00f2, specifica il Presidente di <strong>Municipia S.p.A.<\/strong>, rappresenta <em>&quot;il primo aspetto per cui la collaborazione fra pubblico e privato diventa fondamentale&quot;<\/em>. <\/p>\n<h2>Municipia S.p.A.: pubblico-privato per la ripartenza economica del Paese<\/h2>\n<p><em>&quot;L&#8217;apporto del privato si traduce spesso in idee e progetti innovativi&quot;<\/em>, prosegue <strong>Stefano De Capitani<\/strong>, <em>&quot;che mirano, fra l&#8217;altro, a rendere smart i servizi pubblici, portandoli ad essere pi\u00f9 sostenibili dal punto di vista economico, ambientale e, di conseguenza, sociale&quot;<\/em>. Ma non solo: la riflessione evidenzia inoltre come, nel pubblico, sia presente <em>&quot;il rischio che le differenti potenzialit\u00e0 a livello tecnico-amministrativo fra i vari enti vadano a incrementare il divario tra le stesse realt\u00e0 di gestione, introducendo gap di velocit\u00e0 di amministrazione e innovazione non trascurabili e rallentanti&quot;<\/em>. Perch\u00e9 dunque una proficua collaborazione tra pubblico e privato? Il messaggio emerge con chiarezza: <em>&quot;Con l&#8217;apporto del privato si inseriscono capacit\u00e0 di formazione, progettazione e utilizzo di strumenti finanziari evoluti necessari per la ripartenza&quot;<\/em>. Pubblico e privato, segnala il Presidente di <a href=\"https:\/\/h2biz.net\/Azienda\/municipia-s-p-a--11974\" title=\"Municipia S.p.A.: H2biz\">Municipia S.p.A.<\/a>, possono <em>&quot;dar luogo alla realizzazione di progetti investibili che generano un ritorno economico per gli stessi enti, producendo risorse che possono &#8211; devono, direi &#8211; essere reinvestite sul territorio per migliorare i servizi al cittadino gi\u00e0 esistenti e realizzarne di nuovi, in un ciclo di benessere progettuale e di progetto del benessere&quot;<\/em>. Il partenariato, dunque, come punto di partenza per il cambiamento: una collaborazione, conclude il Presidente di <strong>Municipia S.p.A.<\/strong>, che rappresenta <em>&quot;la sinergia necessaria alla ripartenza del nostro Paese, considerando che le istituzioni locali, fra cui i Comuni, sono le fondamenta della nostra societ\u00e0&quot;<\/em>.<\/p>\n","protected":false},"excerpt":{"rendered":"<p>Stefano De Capitani \u00e8 Presidente di Municipia S.p.A., societ\u00e0 leader in progetti per smart city e trasformazione digitale dei Comuni di ogni dimensione. In un recente intervento, ha evidenziato come la collaborazione tra pubblico e privato possa fornire solidit\u00e0 ai progetti di crescita in Italia. Municipia S.p.A.: il valore del partenariato per Pubblica Amministrazione e [&hellip;]<\/p>\n","protected":false},"author":6900,"featured_media":0,"comment_status":"open","ping_status":"open","sticky":false,"template":"","format":"standard","meta":{"footnotes":""},"categories":[7],"tags":[30349,29996],"class_list":["post-61886","post","type-post","status-publish","format-standard","hentry","category-economia-e-finanza","tag-municipia-s-p-a","tag-stefano-de-capitani"],"_links":{"self":[{"href":"https:\/\/www.area-press.eu\/comunicatistampa\/wp-json\/wp\/v2\/posts\/61886","targetHints":{"allow":["GET"]}}],"collection":[{"href":"https:\/\/www.area-press.eu\/comunicatistampa\/wp-json\/wp\/v2\/posts"}],"about":[{"href":"https:\/\/www.area-press.eu\/comunicatistampa\/wp-json\/wp\/v2\/types\/post"}],"author":[{"embeddable":true,"href":"https:\/\/www.area-press.eu\/comunicatistampa\/wp-json\/wp\/v2\/users\/6900"}],"replies":[{"embeddable":true,"href":"https:\/\/www.area-press.eu\/comunicatistampa\/wp-json\/wp\/v2\/comments?post=61886"}],"version-history":[{"count":1,"href":"https:\/\/www.area-press.eu\/comunicatistampa\/wp-json\/wp\/v2\/posts\/61886\/revisions"}],"predecessor-version":[{"id":61887,"href":"https:\/\/www.area-press.eu\/comunicatistampa\/wp-json\/wp\/v2\/posts\/61886\/revisions\/61887"}],"wp:attachment":[{"href":"https:\/\/www.area-press.eu\/comunicatistampa\/wp-json\/wp\/v2\/media?parent=61886"}],"wp:term":[{"taxonomy":"category","embeddable":true,"href":"https:\/\/www.area-press.eu\/comunicatistampa\/wp-json\/wp\/v2\/categories?post=61886"},{"taxonomy":"post_tag","embeddable":true,"href":"https:\/\/www.area-press.eu\/comunicatistampa\/wp-json\/wp\/v2\/tags?post=61886"}],"curies":[{"name":"wp","href":"https:\/\/api.w.org\/{rel}","templated":true}]}}