{"id":61788,"date":"2021-09-23T18:20:17","date_gmt":"2021-09-23T16:20:17","guid":{"rendered":"https:\/\/www.area-press.eu\/comunicatistampa\/?p=61788"},"modified":"2021-09-23T18:20:17","modified_gmt":"2021-09-23T16:20:17","slug":"promozione-della-biodiversita-e-inclusione-sociale-in-sicilia-nascono-due-frutteti-solidali-realizzati-da-pg-italia-e-new-fdm-crai-con-azzeroco2","status":"publish","type":"post","link":"https:\/\/www.area-press.eu\/comunicatistampa\/2021\/09\/23\/promozione-della-biodiversita-e-inclusione-sociale-in-sicilia-nascono-due-frutteti-solidali-realizzati-da-pg-italia-e-new-fdm-crai-con-azzeroco2\/","title":{"rendered":"PROMOZIONE DELLA BIODIVERSIT\u00c0 E INCLUSIONE SOCIALE: IN SICILIA NASCONO DUE FRUTTETI SOLIDALI REALIZZATI DA P&amp;G ITALIA E NEW FDM &#8211; CRAI CON AZZEROCO2"},"content":{"rendered":"<p><strong>120 nuove piante di limoni, fichi e melograni, capaci di assorbire 60 tonnellate di CO<sub>2<\/sub>: questi i numeri dei due Frutteti Solidali realizzati sul territorio siciliano da P&amp;G Italia e New FDM \u2013 Crai Sicilia, con il supporto operativo di AzzeroCO<sub>2<\/sub>, nell\u2019ambito del programma di cittadinanza d\u2019impresa \u201cP&amp;G per l\u2019Italia\u201d: uno a Modica, curato dalla Coop. Sociale A. Portogallo, e uno a Catania, presso l\u2019Azienda Agricola Ciuri del consorzio \u201cLe Galline Felici\u201d. Entrambi con lo stesso obiettivo: dare vita a progetti capaci di coniugare attenzione per l&#8217;ambiente, tutela della biodiversit\u00e0 e inclusione sociale, restituendo nuovo valore al territorio e ai suoi cittadini. <\/strong><\/p>\n<p>Operare in modo responsabile e secondo princ\u00ecpi etici, sostenendo buone cause per costruire un <strong>futuro sostenibile e inclusivo<\/strong>. Sono questi i binari su cui si muove l\u2019operato di <strong>Procter &amp; Gamble<\/strong> che in tutto il Paese sta realizzando <strong>progetti concreti di responsabilit\u00e0 sociale e sostenibilit\u00e0 ambientale<\/strong> nell\u2019ambito del <strong>programma di cittadinanza d\u2019impresa &#8220;P&amp;G per l&#8217;Italia\u201d<\/strong>.<\/p>\n<p>Un impegno ad ampio raggio che ha raggiunto anche le campagne siciliane con il <strong>Frutteto Solidale di Modica<\/strong>, realizzato da <strong>P&amp;G Italia<\/strong> e <strong>New FDM \u2013 Crai Sicilia<\/strong> con il supporto operativo di <strong>AzzeroCO<sub>2<\/sub><\/strong>, Societ\u00e0 di Servizi Energetici e Ambientali partecipata da Legambiente e Kyoto Club.<\/p>\n<p>Presso la Fattoria Sociale e Didattica \u201cDon Tonino Bello\u201d (in Contrada Minciucci), gestita dalla <strong>Cooperativa Sociale A. Portogallo<\/strong>, che si occupa di offrire supporto alle <strong>persone svantaggiate o con disabilit\u00e0 <\/strong>attraverso attivit\u00e0 formative, ricreative e occupazionali, sono stati <strong>piantumati dieci alberi di limoni pronto effetto e 50 piantine di melograni e fichi<\/strong>, che, oltre a produrre frutti, nell\u2019arco della loro vita contribuiranno anche ad <strong>assorbire 30 tonnellate di CO<sub>2<\/sub><\/strong>. Saranno i ragazzi della Cooperativa a curare il nuovo Frutteto, che si sviluppa su un\u2019area di <strong>oltre 500 mq<\/strong>.<\/p>\n<p>Un polmone verde in cui coltivare attenzione per l\u2019ambiente, per le persone e per il territorio, a cui si affianca un <strong>secondo Frutteto Solidale<\/strong>, con altre 60 piante,<strong> a Catania<\/strong>, presso l\u2019Azienda Agricola Ciuri del <strong>Consorzio \u201cLe Galline Felici\u201d<\/strong>, che da sempre mette al centro del suo operato il rispetto per la natura e per le persone.<\/p>\n<p>A scegliere i siti in cui sorgono questi giardini di sostenibilit\u00e0 ambientale e sociale sono stati gli stessi italiani, partecipando alla campagna <strong>\u201cPorta il verde nella tua regione\u201d<\/strong>, con cui P&amp;G Italia, in collaborazione con AzzeroCO<sub>2<\/sub>, si \u00e8 impegnata a piantare un albero per ogni prodotto Herbal Essences &#8211; il marchio di P&amp;G per la cura dei capelli, che da sempre si impegna per preservare e far conoscere la diversit\u00e0 delle piante tutelandone la loro essenza &#8211; acquistato nelle insegne partner.<\/p>\n<p>Ad oggi, con questa campagna, oltre ai Frutteti Solidali in Sicilia, sono gi\u00e0 stati realizzati altri due progetti di <strong>riforestazione e rigenerazione urbana<\/strong>: uno a<strong> Reggio Emilia <\/strong>e uno a<strong> Santa Marinella<\/strong>, comune della citt\u00e0 metropolitana di Roma sul litorale tirrenico. In ciascuna localit\u00e0 sono stati messi a dimora <strong>500 alberi<\/strong>, con un <strong>assorbimento stimato di CO<sub>2<\/sub> pari, complessivamente, a circa 990 tonnellate<\/strong>. I progetti di forestazione sono stati realizzati nel <strong>pieno rispetto dei criteri di biodiversit\u00e0 e tutela del paesaggio<\/strong>, considerando la specificit\u00e0 del territorio (con utilizzo di specie autoctone e, laddove possibile, di piante pioniere), il miglioramento paesaggistico, la conservazione della biodiversit\u00e0 (mediamente, sono impiegate almeno 2 specie arboree e diverse specie arbustive) e la <strong>sostenibilit\u00e0 sociale<\/strong>, affinch\u00e9 tutte le aree forestali possano essere visitate e vissute dalla comunit\u00e0 come spazi di svago e di benessere. <strong>A Reggio Emilia<\/strong> l\u2019intervento di P&amp;G e AzzeroCO<sub>2<\/sub> ha contribuito all\u2019avanzamento di un pi\u00f9 ampio progetto di riqualificazione del Comune volto a incrementare la superficie verde, mitigare gli effetti delle isole di calore e contribuire al miglioramento delle condizioni ambientali del territorio municipale: i <strong>500 alberi, tra aceri, ornielli, farnie, frassini e carpini<\/strong>, messi a dimora su un\u2019area di 1,1 ettari, fanno ora parte del \u201cParco Bricchetti\u201d, che sta restituendo ai cittadini un bene riqualificato e valorizzato con zone ricreative, adatte a passeggiate e sport all\u2019aperto grazie anche alle nuove zone d\u2019ombra che le piante creeranno. <strong>A Santa Marinella<\/strong>, invece, i <strong>500 alberi di roverella, orniello e acero campestre<\/strong> formano un bosco di un ettaro nelle vicinanze delle scuole medie del Comune, che, oltre a migliorare la qualit\u00e0 dell\u2019aria e l\u2019estetica del paesaggio circostante, offre un\u2019importante <strong>funzione educativa<\/strong>, con la possibilit\u00e0 di organizzare delle passeggiate didattiche per conoscere le specie presenti, e crea habitat particolarmente apprezzati dalla fauna locale che trova rifugio e cibo nel bosco.<\/p>\n<p><em>\u00abCon \u201cP&amp;G per l\u2019Italia\u201d ci stiamo impegnando per operare cambiamenti positivi e lasciare un segno tangibile nelle comunit\u00e0, attraverso una serie di progetti concreti di responsabilit\u00e0 sociale e sostenibilit\u00e0 ambientale. Siamo orgogliosi dei Frutteti Solidali in Sicilia perch\u00e9 riescono a coniugare entrambi gli aspetti: attenzione per l\u2019ambiente e inclusione lavorativa, restituendo nuovo valore per tutto il territorio e per i suoi cittadini. Ringraziamo la Coop. Sociale A. Portogallo e il Consorzio \u201cLe Galline Felici\u201d per il loro meraviglioso operato, AzzeroCO<sub>2<\/sub>, con cui da tempo lavoriamo per costruire un futuro pi\u00f9 verde per le prossime generazioni, e le insegne partner che hanno voluto affiancarci in questa iniziativa\u00bb<\/em> ha dichiarato <strong>Riccardo Calvi, Direttore Comunicazione di P&amp;G Italia<\/strong>. <em>\u00abL\u2019impegno di P&amp;G a rendere prodotti e processi circolari e meno impattanti \u00e8 solo un primo passo verso la sostenibilit\u00e0: siamo convinti che sia necessario andare oltre, stringendo legami reali sui territori in cui operiamo con l\u2019obiettivo di coinvolgere direttamente e aiutare la comunit\u00e0 nella creazione di benessere collettivo. Per questo spero che altre aziende seguano il nostro esempio, per attivare un circolo virtuoso di sostenibilit\u00e0 ambientale e sociale nei propri territori\u00bb.<\/em><\/p>\n<p>\u00ab<em>Siamo molto soddisfatti di aver contribuito alla nascita di un progetto dall\u2019elevato valore ambientale e sociale come questo. Da anni ci impegniamo costantemente nella creazione di progetti che coinvolgano il territorio, le aziende e i cittadini. La collaborazione con P&amp;G rappresenta benissimo questi nostri principi. Si tratta di un esperimento inedito, che per la prima volta ci permette di mettere in relazione due parole a noi carissime: biodiversit\u00e0 e solidariet\u00e0. Per questo spero che la strada aperta da P&amp;G, che \u00e8 stata capace di individuare sin da subito il grande potenziale di un intervento di questo tipo, potr\u00e0 essere da ora in poi battuta da nuove aziende interessate a riqualificare le campagne e restituirle ai cittadini<\/em>\u00bb ha dichiarato <strong>Sandro Scollato, AD di AzzeroCO<sub>2<\/sub><\/strong>.<\/p>\n<p>&nbsp;<\/p>\n<p><strong><u>\u00a0<\/u><\/strong><\/p>\n<p><strong><u>Informazioni su P&amp;G<\/u><\/strong><\/p>\n<p>I prodotti P&amp;G sono utilizzati da quasi 5 miliardi di persone al mondo. La Procter &amp; Gamble possiede uno dei pi\u00f9 importanti portafogli di marchi di qualit\u00e0 tra i quali: Dash\u00ae, Fairy\u00ae, Lenor\u00ae, Mastro Lindo\u00ae, Swiffer\u00ae, Viakal\u00ae, AZ\u00ae, Kukident\u00ae, Oral B\u00ae, Olaz\u00ae, Pantene\u00ae, Head&amp;Shoulders\u00ae, Gillette\u00ae, Venus\u00ae, Braun\u00ae. P&amp;G opera in 70 paesi nel mondo e in Italia \u00e8 presente dal 1956. Per maggiori informazioni visita il sito <a href=\"https:\/\/it.pg.com\">https:\/\/it.pg.com<\/a> e segui gli account Facebook, Linkedin, Youtube.<\/p>\n<p><strong><u>\u00a0<\/u><\/strong><\/p>\n","protected":false},"excerpt":{"rendered":"<p>120 nuove piante di limoni, fichi e melograni, capaci di assorbire 60 tonnellate di CO2: questi i numeri dei due Frutteti Solidali realizzati sul territorio siciliano da P&amp;G Italia e New FDM \u2013 Crai Sicilia, con il supporto operativo di AzzeroCO2, nell\u2019ambito del programma di cittadinanza d\u2019impresa \u201cP&amp;G per l\u2019Italia\u201d: uno a Modica, curato dalla [&hellip;]<\/p>\n","protected":false},"author":4145,"featured_media":0,"comment_status":"open","ping_status":"open","sticky":false,"template":"","format":"standard","meta":{"footnotes":""},"categories":[4,8],"tags":[30753,12157],"class_list":["post-61788","post","type-post","status-publish","format-standard","hentry","category-attualita-e-societa","category-eventi","tag-modica","tag-pg"],"_links":{"self":[{"href":"https:\/\/www.area-press.eu\/comunicatistampa\/wp-json\/wp\/v2\/posts\/61788","targetHints":{"allow":["GET"]}}],"collection":[{"href":"https:\/\/www.area-press.eu\/comunicatistampa\/wp-json\/wp\/v2\/posts"}],"about":[{"href":"https:\/\/www.area-press.eu\/comunicatistampa\/wp-json\/wp\/v2\/types\/post"}],"author":[{"embeddable":true,"href":"https:\/\/www.area-press.eu\/comunicatistampa\/wp-json\/wp\/v2\/users\/4145"}],"replies":[{"embeddable":true,"href":"https:\/\/www.area-press.eu\/comunicatistampa\/wp-json\/wp\/v2\/comments?post=61788"}],"version-history":[{"count":1,"href":"https:\/\/www.area-press.eu\/comunicatistampa\/wp-json\/wp\/v2\/posts\/61788\/revisions"}],"predecessor-version":[{"id":61789,"href":"https:\/\/www.area-press.eu\/comunicatistampa\/wp-json\/wp\/v2\/posts\/61788\/revisions\/61789"}],"wp:attachment":[{"href":"https:\/\/www.area-press.eu\/comunicatistampa\/wp-json\/wp\/v2\/media?parent=61788"}],"wp:term":[{"taxonomy":"category","embeddable":true,"href":"https:\/\/www.area-press.eu\/comunicatistampa\/wp-json\/wp\/v2\/categories?post=61788"},{"taxonomy":"post_tag","embeddable":true,"href":"https:\/\/www.area-press.eu\/comunicatistampa\/wp-json\/wp\/v2\/tags?post=61788"}],"curies":[{"name":"wp","href":"https:\/\/api.w.org\/{rel}","templated":true}]}}