{"id":61744,"date":"2021-09-23T18:20:14","date_gmt":"2021-09-23T16:20:14","guid":{"rendered":"https:\/\/www.area-press.eu\/comunicatistampa\/?p=61744"},"modified":"2021-09-23T18:20:14","modified_gmt":"2021-09-23T16:20:14","slug":"massimo-malvestio-aziende-venete-vantaggi-e-rischi-di-un-rilancio-che-passa-per-la-borsa","status":"publish","type":"post","link":"https:\/\/www.area-press.eu\/comunicatistampa\/2021\/09\/23\/massimo-malvestio-aziende-venete-vantaggi-e-rischi-di-un-rilancio-che-passa-per-la-borsa\/","title":{"rendered":"Massimo Malvestio: aziende venete, vantaggi e rischi di un rilancio che passa per la Borsa"},"content":{"rendered":"<p><em><strong>&#8220;Imprese familiari possono stare in Borsa con successo, ma il gioco deve valere la candela&#8221;: l&#8217;avvocato <a title=\"Massimo Malvestio - Economia Oggi\" href=\"https:\/\/www.economiaoggi.it\/tag\/massimo-malvestio\/\">Massimo Malvestio<\/a> in un&#8217;intervista pubblicata sul &#8220;Corriere del Veneto&#8221;.<\/strong><\/em><\/p>\n<p><a title=\"Massimo Malvestio: Economia Oggi\" href=\"https:\/\/www.economiaoggi.it\/tag\/massimo-malvestio\/\"><img decoding=\"async\" src=\"https:\/\/www.economiaoggi.it\/wp-content\/uploads\/2021\/05\/massimo-malvestio-690x550.jpg.webp\" alt=\"Massimo Malvestio\" width=\"120\" \/><\/a><\/p>\n<h2>Massimo Malvestio: per entrare e rimanere in borsa serve ragione strategica<\/h2>\n<p>Dall&#8217;esordio di Stevanato Group a Wall Street alla fusione tra Italian Wine Brands ed Enoitalia, <em>&#8220;il primo gruppo del vino italiano, gi\u00e0 in partenza quotato&#8221;<\/em>. Le aziende venete sono state protagoniste di un&#8217;estate ricca di operazioni in Borsa. Non solo ingressi &#8216;stellari&#8217;, ma anche esempi come quello di Carraro e Sicit, che invece hanno deciso di dare il via al delisting. A parlarne il &#8220;Corriere del Veneto&#8221;, che ha realizzato un focus sulle strategie di rilancio delle imprese venete negli ultimi mesi. Nell&#8217;articolo l&#8217;intervento dell&#8217;avvocato <strong>Massimo Malvestio<\/strong>, Presidente del Comitato per gli Investimenti di Praude Asset Management Ltd, che ha evidenziato i rischi connessi alle operazioni in Borsa, in particolare per aziende di piccole e medie dimensioni. L&#8217;entrata e la permanenza in Borsa si traduce innanzitutto in costi importanti. <em>&#8220;Se una societ\u00e0 non ha una chiara ragione strategica o un ritorno in termini di valutazione o immagine<\/em> &#8211; ha dichiarato &#8211; <em>per me non ha senso pensarci&#8221;<\/em>. E non sempre, aggiunge, le quotazioni sono cos\u00ec alte come accaduto recentemente nel Veneto: <em>&#8220;Se l&#8217;effetto \u00e8 ottenere valutazioni inferiori a quelle che pagherebbe un fondo d&#8217;investimento per entrare nel capitale<\/em> &#8211; sostiene <strong>Massimo Malvestio<\/strong> &#8211; <em>ho i miei dubbi che il gioco valga la candela&#8221;<\/em>.<\/p>\n<h2>Massimo Malvestio: necessario sviluppare un vero mercato del Private Equity<\/h2>\n<p>La vicenda del delisting avviato dal Gruppo Carraro, continua l&#8217;avvocato, \u00e8 la testimonianza di come entrare in Borsa non significhi automaticamente ottenere dei benefici. Per <a title=\"Massimo Malvestio, Economia Oggi\" href=\"https:\/\/www.economiaoggi.it\/tag\/massimo-malvestio\/\">Massimo Malvestio<\/a> la multinazionale leader nella produzione metalmeccanica, <em>&#8220;ha fatto bene a sganciarsi da una situazione di un titolo sostanzialmente illiquido e anche a lungo sottovalutato&#8221;<\/em>. Quello di Carraro \u00e8 per\u00f2 un caso, anche le imprese familiari possono avere successo grazie ad un&#8217;eventuale quotazione. Ma \u00e8 opportuno iniziare a cercare altre soluzioni operative pi\u00f9 semplici, soprattutto per le PMI. Ecco perch\u00e9 l&#8217;avvocato spinge per un <em>&#8220;vero mercato del Private Equity&#8221;<\/em>: <em>&#8220;In giro c&#8217;\u00e8 tanta liquidit\u00e0, mano a mano che una cultura della trasparenza e della legalit\u00e0 si diffonder\u00e0 &#8211; come gi\u00e0 sta succedendo &#8211; tra le piccole imprese, si apriranno opportunit\u00e0 di crescita con capitali privati&#8221;<\/em>. Si tratta, conclude <strong>Massimo Malvestio<\/strong>, di <em>&#8220;un&#8217;opportunit\u00e0 non solo per family office ma anche per investitori meno importanti&#8221;<\/em>.<\/p>\n","protected":false},"excerpt":{"rendered":"<p>&#8220;Imprese familiari possono stare in Borsa con successo, ma il gioco deve valere la candela&#8221;: l&#8217;avvocato Massimo Malvestio in un&#8217;intervista pubblicata sul &#8220;Corriere del Veneto&#8221;. Massimo Malvestio: per entrare e rimanere in borsa serve ragione strategica Dall&#8217;esordio di Stevanato Group a Wall Street alla fusione tra Italian Wine Brands ed Enoitalia, &#8220;il primo gruppo del [&hellip;]<\/p>\n","protected":false},"author":40,"featured_media":0,"comment_status":"open","ping_status":"open","sticky":false,"template":"","format":"standard","meta":{"footnotes":""},"categories":[7],"tags":[30477],"class_list":["post-61744","post","type-post","status-publish","format-standard","hentry","category-economia-e-finanza","tag-massimo-malvestio"],"_links":{"self":[{"href":"https:\/\/www.area-press.eu\/comunicatistampa\/wp-json\/wp\/v2\/posts\/61744","targetHints":{"allow":["GET"]}}],"collection":[{"href":"https:\/\/www.area-press.eu\/comunicatistampa\/wp-json\/wp\/v2\/posts"}],"about":[{"href":"https:\/\/www.area-press.eu\/comunicatistampa\/wp-json\/wp\/v2\/types\/post"}],"author":[{"embeddable":true,"href":"https:\/\/www.area-press.eu\/comunicatistampa\/wp-json\/wp\/v2\/users\/40"}],"replies":[{"embeddable":true,"href":"https:\/\/www.area-press.eu\/comunicatistampa\/wp-json\/wp\/v2\/comments?post=61744"}],"version-history":[{"count":1,"href":"https:\/\/www.area-press.eu\/comunicatistampa\/wp-json\/wp\/v2\/posts\/61744\/revisions"}],"predecessor-version":[{"id":61747,"href":"https:\/\/www.area-press.eu\/comunicatistampa\/wp-json\/wp\/v2\/posts\/61744\/revisions\/61747"}],"wp:attachment":[{"href":"https:\/\/www.area-press.eu\/comunicatistampa\/wp-json\/wp\/v2\/media?parent=61744"}],"wp:term":[{"taxonomy":"category","embeddable":true,"href":"https:\/\/www.area-press.eu\/comunicatistampa\/wp-json\/wp\/v2\/categories?post=61744"},{"taxonomy":"post_tag","embeddable":true,"href":"https:\/\/www.area-press.eu\/comunicatistampa\/wp-json\/wp\/v2\/tags?post=61744"}],"curies":[{"name":"wp","href":"https:\/\/api.w.org\/{rel}","templated":true}]}}