{"id":61691,"date":"2021-09-23T18:20:11","date_gmt":"2021-09-23T16:20:11","guid":{"rendered":"https:\/\/www.area-press.eu\/comunicatistampa\/?p=61691"},"modified":"2021-09-23T18:20:11","modified_gmt":"2021-09-23T16:20:11","slug":"procida-e-la-capitale-italiana-della-cultura-2022-fme-education-e-la-cultura-nazionale","status":"publish","type":"post","link":"https:\/\/www.area-press.eu\/comunicatistampa\/2021\/09\/23\/procida-e-la-capitale-italiana-della-cultura-2022-fme-education-e-la-cultura-nazionale\/","title":{"rendered":"Procida \u00e8 la \u201cCapitale italiana della cultura\u201d 2022: FME Education e la cultura nazionale"},"content":{"rendered":"<p><em><strong>&#8220;Capitale italiana della cultura&#8221; \u00e8 uno dei progetti nati con l&#8217;obiettivo di mettere in risalto la ricchezza culturale del territorio nazionale: la Casa Editrice <a title=\"FME Education: il progetto - reportculture\" href=\"https:\/\/reportculture.com\/2021\/07\/12\/fme-education-per-la-cultura-italiana-la-vittoria-di-procida-al-titolo-di-capitale-italiana-della-cultura\/\">FME Education<\/a> \u00e8 da sempre impegnata nella diffusione della cultura italiana e per tale ragione condivide i valori delle iniziative nazionali volte a dare risalto all&#8217;intero ecosistema.<\/strong><\/em><\/p>\n<p><a title=\"FME Education: la &quot;Capitale italiana della cultura&quot;\" href=\"https:\/\/reportculture.com\/2021\/07\/12\/fme-education-per-la-cultura-italiana-la-vittoria-di-procida-al-titolo-di-capitale-italiana-della-cultura\/\"><img decoding=\"async\" src=\"https:\/\/reportculture.com\/wp-content\/uploads\/2021\/03\/fme-education.jpg\" alt=\"FME Education\" width=\"120\" \/><\/a><\/p>\n<h2>&#8220;Capitale italiana della cultura&#8221;: il progetto condiviso da FME Education<\/h2>\n<p>Ogni anno il Ministero per i beni e le attivit\u00e0 culturali e per il turismo assegna il titolo di &#8220;Capitale italiana della cultura&#8221; permettendo alla citt\u00e0 vincitrice di promuovere il proprio profilo culturale attraverso una serie di iniziative ed eventi. Sono numerose le realt\u00e0 italiane che sostengono il progetto con l&#8217;obiettivo di valorizzare il patrimonio storico-culturale nazionale: <strong>FME Education<\/strong>, Casa Editrice fondata a Milano nel 2013, \u00e8 da sempre impegnata nella diffusione della cultura e della conoscenza in Italia condividendo i presupposti delle pi\u00f9 importanti iniziative culturali realizzate sul territorio nazionale. Il progetto &#8220;Capitale italiana della cultura&#8221; \u00e8 stato avviato nel 2015 non solo per sostenere e rilanciare la ricchezza culturale dell&#8217;Italia, ma anche per migliorare i servizi offerti a turisti e visitatori. Per l&#8217;anno 2020 &#8211; e anche per il 2021, a seguito dell&#8217;emergenza COVID 19 &#8211; la citt\u00e0 di Parma \u00e8 stata designata Capitale italiana della cultura.<\/p>\n<h2>FME Education condivide la scelta di Procida come vincitrice 2022<\/h2>\n<p>Con il progetto di valorizzazione &#8220;Procida, la cultura non isola&#8221;, la perla del Golfo di Napoli \u00e8 stata nominata la &#8220;Capitale italiana della cultura&#8221; per l&#8217;anno 2022 primeggiando su altre finaliste quali Ancona, Bari, Cerveteri, L&#8217;Aquila, Pieve di Soligo, Taranto, Trapani, Volterra e Verbania. <em>&#8220;Il contesto dei sostegni locali e regionali, pubblici e privati, \u00e8 ben strutturato; la dimensione patrimoniale e paesaggistica del luogo \u00e8 straordinaria; la dimensione laboratoriale che comprende aspetti sociali di diffusione tecnologica \u00e8 importante per tutte le isole tirreniche, ma \u00e8 rilevante per tutte le realt\u00e0 delle piccole isole mediterranee&#8221;<\/em>. Secondo la giuria il progetto di Procida, in linea con i valori da sempre sostenuti da <a title=\"FME Education: la valorizzazione culturale - reportculture\" href=\"https:\/\/reportculture.com\/2021\/07\/12\/fme-education-per-la-cultura-italiana-la-vittoria-di-procida-al-titolo-di-capitale-italiana-della-cultura\/\">FME Education<\/a>, <em>&#8220;potrebbe determinare, grazie alla combinazione di questi fattori, un&#8217;autentica discontinuit\u00e0 nel territorio e rappresentare un modello per i processi sostenibili di sviluppo a base culturale delle realt\u00e0 isolane e costiere del Paese. Il progetto \u00e8 inoltre capace di trasmettere un messaggio poetico, una visione della cultura che dalla piccola realt\u00e0 dell&#8217;isola si estende come un augurio per tutti noi, al Paese nei mesi che ci attendono&#8221;<\/em>.<\/p>\n","protected":false},"excerpt":{"rendered":"<p>&#8220;Capitale italiana della cultura&#8221; \u00e8 uno dei progetti nati con l&#8217;obiettivo di mettere in risalto la ricchezza culturale del territorio nazionale: la Casa Editrice FME Education \u00e8 da sempre impegnata nella diffusione della cultura italiana e per tale ragione condivide i valori delle iniziative nazionali volte a dare risalto all&#8217;intero ecosistema. &#8220;Capitale italiana della cultura&#8221;: [&hellip;]<\/p>\n","protected":false},"author":40,"featured_media":0,"comment_status":"open","ping_status":"open","sticky":false,"template":"","format":"standard","meta":{"footnotes":""},"categories":[5],"tags":[23762],"class_list":["post-61691","post","type-post","status-publish","format-standard","hentry","category-aziendali","tag-fme-education"],"_links":{"self":[{"href":"https:\/\/www.area-press.eu\/comunicatistampa\/wp-json\/wp\/v2\/posts\/61691","targetHints":{"allow":["GET"]}}],"collection":[{"href":"https:\/\/www.area-press.eu\/comunicatistampa\/wp-json\/wp\/v2\/posts"}],"about":[{"href":"https:\/\/www.area-press.eu\/comunicatistampa\/wp-json\/wp\/v2\/types\/post"}],"author":[{"embeddable":true,"href":"https:\/\/www.area-press.eu\/comunicatistampa\/wp-json\/wp\/v2\/users\/40"}],"replies":[{"embeddable":true,"href":"https:\/\/www.area-press.eu\/comunicatistampa\/wp-json\/wp\/v2\/comments?post=61691"}],"version-history":[{"count":1,"href":"https:\/\/www.area-press.eu\/comunicatistampa\/wp-json\/wp\/v2\/posts\/61691\/revisions"}],"predecessor-version":[{"id":61692,"href":"https:\/\/www.area-press.eu\/comunicatistampa\/wp-json\/wp\/v2\/posts\/61691\/revisions\/61692"}],"wp:attachment":[{"href":"https:\/\/www.area-press.eu\/comunicatistampa\/wp-json\/wp\/v2\/media?parent=61691"}],"wp:term":[{"taxonomy":"category","embeddable":true,"href":"https:\/\/www.area-press.eu\/comunicatistampa\/wp-json\/wp\/v2\/categories?post=61691"},{"taxonomy":"post_tag","embeddable":true,"href":"https:\/\/www.area-press.eu\/comunicatistampa\/wp-json\/wp\/v2\/tags?post=61691"}],"curies":[{"name":"wp","href":"https:\/\/api.w.org\/{rel}","templated":true}]}}