{"id":61429,"date":"2021-08-11T22:54:35","date_gmt":"2021-08-11T20:54:35","guid":{"rendered":"https:\/\/www.area-press.eu\/comunicatistampa\/?p=61429"},"modified":"2021-08-11T22:54:35","modified_gmt":"2021-08-11T20:54:35","slug":"i-benefici-dellaloe-vera","status":"publish","type":"post","link":"https:\/\/www.area-press.eu\/comunicatistampa\/2021\/08\/11\/i-benefici-dellaloe-vera\/","title":{"rendered":"I benefici dell&#8217;Aloe Vera"},"content":{"rendered":"<p>L&#8217;aloe \u00e8 una delle piante pi\u00f9 conosciute al mondo per le sue propriet\u00e0 benefiche. Sono circa quindici le specie di questa pianta che presentano queste propriet\u00e0, tra cui proprio l&#8217;Aloe vera, conosciuta anche col nome di Aloe delle Barbados.\u00a0Questa pianta, appartenente alla famiglia delle Aloeaceae e originaria dell&#8217;Africa, \u00e8 coltivata ormai in tutte le zone del mondo dal clima caldo e secco.\u00a0Cerchiamo di saperne di pi\u00f9.<\/p>\n<h2>Scopi, utilizzo e benefici dell&#8217;Aloe Vera<\/h2>\n<p>L&#8217;uso delle propriet\u00e0 dell&#8217;aloe avvengono maggiormente sottoforma di succo e gel che si ricavano dalla pianta stessa. E&#8217; importante che il prodotto ricavato sia il pi\u00f9 naturale possibile, per garantirne un&#8217;efficacia maggiore. \u00a0Un primo uso \u00e8 sicuramente cutaneo. Infatti,dalle foglie si estrae un succo denso e gelatinoso ricco di principi attivi. \u00a0Questo gel, impiegato per un uso esterno e ricco di vitamina C e collagene, svolge un&#8217;azione idratante ed emolliente per dare sollievo a bruciature, scottature solari o di altro tipo, e sulle punture d&#8217;insetto. E&#8217; un ottimo rimedio anche per combattere e ridurre l&#8217;acne e favorire una rapida cicatrizzazione della pelle proprio grazie al collagene che aumenta la rigenerazione cellulare.<\/p>\n<p>L&#8217;aloe pu\u00f2 essere impiegata anche sul cuoio capelluto per un&#8217;azione anti-caduta, rendendo i capelli pi\u00f9 forti e luminosi.\u00a0Il succo di aloe vera, invece, agisce come un vero e proprio gastroprotettore naturale, per lo stomaco, aiutando a ridurne l&#8217;acidit\u00e0 dovuta a disturbi gastrici derivati da malattie, gastrite o semplicemente da stress e cattiva alimentazione.<\/p>\n<p>E&#8217; utile anche per aiutare a svolgere al meglio le funzioni del pancreas, attivando la produzione dei succhi digestivi, regolando l&#8217;attivit\u00e0 dell&#8217;insulina e stabilizzando il glucosio nel sangue; nel fegato regola l&#8217;attivit\u00e0 epatica depurandolo da tossine e altre sostanze dannose per l&#8217;organismo.<\/p>\n<p>Rafforza il sistema immunitario,proteggendo l&#8217;organismo dalle infezioni virali, quali raffreddamento, febbre, bronchiti e altre. Molto interessante \u00e8 anche l&#8217;azione riduttiva per le infiammazioni: contiene steroli vegetali che aiutano a combattere malattie reumatologiche autoimmuni, come artrite, reumatismi e dolori articolari generici.<\/p>\n<p>Un altro uso per cui \u00e8 nota l&#8217;aloe \u00e8 quello lassativo: il puro succo da bere stimola una regolare attivit\u00e0 intestinale favorendo l&#8217;evacuazione delle feci.\u00a0La presenza di molte vitamine nel succo, come la vitamina A, C, E, B1 e B12 e di un amminoacido come la cisteina, garantiscono un&#8217;azione antiossidante e contrastano l&#8217;invecchiamento cellulare per un&#8217;azione anti-age.<\/p>\n<p>Aloe Vera: un alleato per perdere peso<\/p>\n<p>In pochi forse sanno che l&#8217;aloe vera, oltre a svolgere un&#8217;attivit\u00e0 depurativa, velocizza anche il metabolismo e riduce il tessuto adiposo. Infatti aiuta a far bruciare grasso corporeo pi\u00f9 rapidamente, placando anche il senso di fame.\u00a0Il succo di aloe, rallentando lo svuotamento gastrico, d\u00e0 all&#8217;apparato digerente maggior tempo per assumere meglio contenuti energetici e proteine come il collagene, che \u00e8 di difficile digestione, costringendo l&#8217;organismo ad attingere alle riserve di grassi e zuccheri per la propria energia. In questo modo \u00e8 favorita l&#8217;azione del bruciare calorie.<\/p>\n<p>Oltre che sottoforma di gel e succo, l&#8217;aloe pu\u00f2 essere assunta anche come integratore alimentare, di solito compresse. Ad esempio, un integratore utile se si vuole perdere peso \u00e8 <i>Aloe Vera Slim,<\/i>compresse che, se assunte quotidianamente e in maniera regolare, aiutano a eliminare le tossine, riattivare l&#8217;organismo e a bruciare calorie.\u00a0Per avere maggiori informazioni sulle propriet\u00e0 benefiche dell&#8217;aloe, sull&#8217;azione dimagrante e il suo contributo alla perdita di peso, potete consultare il <a href=\"https:\/\/www.aloeveraslim.info\/\">sito https:\/\/www.aloeveraslim.info<\/a>.\u00a0In conclusione, dopo aver visto le molteplici propriet\u00e0 benefiche di questa pianta, a prescindere di come si assume,bisogna ricordare per\u00f2 che \u00e8 sempre importante affidarsi ai consigli del proprio medico.<\/p>\n","protected":false},"excerpt":{"rendered":"<p>L&#8217;aloe \u00e8 una delle piante pi\u00f9 conosciute al mondo per le sue propriet\u00e0 benefiche. Sono circa quindici le specie di questa pianta che presentano queste propriet\u00e0, tra cui proprio l&#8217;Aloe vera, conosciuta anche col nome di Aloe delle Barbados.\u00a0Questa pianta, appartenente alla famiglia delle Aloeaceae e originaria dell&#8217;Africa, \u00e8 coltivata ormai in tutte le zone [&hellip;]<\/p>\n","protected":false},"author":1028,"featured_media":0,"comment_status":"open","ping_status":"open","sticky":false,"template":"","format":"standard","meta":{"footnotes":""},"categories":[19187],"tags":[],"class_list":["post-61429","post","type-post","status-publish","format-standard","hentry","category-dieta-e-alimentazione"],"_links":{"self":[{"href":"https:\/\/www.area-press.eu\/comunicatistampa\/wp-json\/wp\/v2\/posts\/61429","targetHints":{"allow":["GET"]}}],"collection":[{"href":"https:\/\/www.area-press.eu\/comunicatistampa\/wp-json\/wp\/v2\/posts"}],"about":[{"href":"https:\/\/www.area-press.eu\/comunicatistampa\/wp-json\/wp\/v2\/types\/post"}],"author":[{"embeddable":true,"href":"https:\/\/www.area-press.eu\/comunicatistampa\/wp-json\/wp\/v2\/users\/1028"}],"replies":[{"embeddable":true,"href":"https:\/\/www.area-press.eu\/comunicatistampa\/wp-json\/wp\/v2\/comments?post=61429"}],"version-history":[{"count":1,"href":"https:\/\/www.area-press.eu\/comunicatistampa\/wp-json\/wp\/v2\/posts\/61429\/revisions"}],"predecessor-version":[{"id":61430,"href":"https:\/\/www.area-press.eu\/comunicatistampa\/wp-json\/wp\/v2\/posts\/61429\/revisions\/61430"}],"wp:attachment":[{"href":"https:\/\/www.area-press.eu\/comunicatistampa\/wp-json\/wp\/v2\/media?parent=61429"}],"wp:term":[{"taxonomy":"category","embeddable":true,"href":"https:\/\/www.area-press.eu\/comunicatistampa\/wp-json\/wp\/v2\/categories?post=61429"},{"taxonomy":"post_tag","embeddable":true,"href":"https:\/\/www.area-press.eu\/comunicatistampa\/wp-json\/wp\/v2\/tags?post=61429"}],"curies":[{"name":"wp","href":"https:\/\/api.w.org\/{rel}","templated":true}]}}