{"id":61392,"date":"2021-08-11T22:54:34","date_gmt":"2021-08-11T20:54:34","guid":{"rendered":"https:\/\/www.area-press.eu\/comunicatistampa\/?p=61392"},"modified":"2021-08-11T22:54:34","modified_gmt":"2021-08-11T20:54:34","slug":"ecco-cosa-ha-fatto-gianni-lettieri-per-aiutare-ad-uscire-dalla-pandemia","status":"publish","type":"post","link":"https:\/\/www.area-press.eu\/comunicatistampa\/2021\/08\/11\/ecco-cosa-ha-fatto-gianni-lettieri-per-aiutare-ad-uscire-dalla-pandemia\/","title":{"rendered":"Ecco cosa ha fatto Gianni Lettieri per aiutare ad uscire dalla pandemia"},"content":{"rendered":"<p><em><strong>Il Presidente di Atitech <a href=\"https:\/\/www.giannilettieri.com\/\" title=\"Gianni Lettieri: l'impegno nella lotta al Covid-19\">Gianni Lettieri<\/a> ha da sempre a cuore il benessere dei suoi concittadini e durante la pandemia ha fornito un enorme contributo per aiutare ad uscire dalla crisi sanitaria.<\/strong><\/em><\/p>\n<p><a href=\"https:\/\/www.giannilettieri.com\/\" title=\"Gianni Lettieri: azioni solidali durante la pandemia\"><img loading=\"lazy\" decoding=\"async\" alt=\"Gianni Lettieri\" height=\"180\" src=\"https:\/\/www.giannilettieri.com\/wp-content\/uploads\/2020\/08\/gianni-lettieri-9.jpg\" width=\"120\" \/><\/a><\/p>\n<h2>Il ruolo di Gianni Lettieri nella lotta al Coronavirus<\/h2>\n<p>La pandemia ha messo tutti a dura prova, innescando una crisi sanitaria probabilmente senza precedenti, a cui ha fatto seguito una recessione economica. In una simile situazione di disagio, si sono rivelati preziosi i contributi di persone come <strong>Gianni Lettieri<\/strong>. Il Presidente di Atitech si \u00e8 fin da subito posizionato in prima linea per dare sostegno ai suoi concittadini. Durante la prima fase della pandemia, in cui non si riusciva con facilit\u00e0 a reperire i dispositivi di protezione individuale, la societ\u00e0 da lui guidata ha donato alla Regione Campania ben 20.000 mascherine FFP2. Nel periodo natalizio invece, in piena recessione economica, Atitech ha aperto la mensa aziendale per offrire dei pasti caldi alle persone meno abbienti, iniziativa a cui hanno preso parte anche i cuochi di Fratelli La Bufala e l&#8217;Associazione Larsec.<\/p>\n<h2>Gianni Lettieri: la decisione di trasformare un hangar di Capodichino in hub vaccinale<\/h2>\n<p>Il regalo pi\u00f9 importante che <a href=\"https:\/\/www.giannilettieri.com\/\" title=\"Gianni Lettieri: il sostegno durante la pandemia\">Gianni Lettieri<\/a> ha fatto ai napoletani \u00e8 stato senz&#8217;altro quello di favorire l&#8217;apertura di uno dei pi\u00f9 grandi hub vaccinali d&#8217;Italia. Con la diffusione dei primi vaccini, una veloce somministrazione degli stessi \u00e8 diventata la priorit\u00e0 assoluta. Per poter vaccinare un&#8217;ingente quantit\u00e0 di persone era per\u00f2 necessario avere gli spazi adatti a poterle ospitare, cos\u00ec Atitech ha messo a disposizione dell&#8217;Asl un intero hangar di 10 mila metri quadrati, con 32 box per l&#8217;iniezione del vaccino e una capacit\u00e0 giornaliera di 8.000 somministrazioni. Tale decisione ha di fatto contribuito ad accelerare la campagna vaccinale.<\/p>\n","protected":false},"excerpt":{"rendered":"<p>Il Presidente di Atitech Gianni Lettieri ha da sempre a cuore il benessere dei suoi concittadini e durante la pandemia ha fornito un enorme contributo per aiutare ad uscire dalla crisi sanitaria. Il ruolo di Gianni Lettieri nella lotta al Coronavirus La pandemia ha messo tutti a dura prova, innescando una crisi sanitaria probabilmente senza [&hellip;]<\/p>\n","protected":false},"author":6664,"featured_media":0,"comment_status":"open","ping_status":"open","sticky":false,"template":"","format":"standard","meta":{"footnotes":""},"categories":[4],"tags":[28443],"class_list":["post-61392","post","type-post","status-publish","format-standard","hentry","category-attualita-e-societa","tag-gianni-lettieri"],"_links":{"self":[{"href":"https:\/\/www.area-press.eu\/comunicatistampa\/wp-json\/wp\/v2\/posts\/61392","targetHints":{"allow":["GET"]}}],"collection":[{"href":"https:\/\/www.area-press.eu\/comunicatistampa\/wp-json\/wp\/v2\/posts"}],"about":[{"href":"https:\/\/www.area-press.eu\/comunicatistampa\/wp-json\/wp\/v2\/types\/post"}],"author":[{"embeddable":true,"href":"https:\/\/www.area-press.eu\/comunicatistampa\/wp-json\/wp\/v2\/users\/6664"}],"replies":[{"embeddable":true,"href":"https:\/\/www.area-press.eu\/comunicatistampa\/wp-json\/wp\/v2\/comments?post=61392"}],"version-history":[{"count":1,"href":"https:\/\/www.area-press.eu\/comunicatistampa\/wp-json\/wp\/v2\/posts\/61392\/revisions"}],"predecessor-version":[{"id":61393,"href":"https:\/\/www.area-press.eu\/comunicatistampa\/wp-json\/wp\/v2\/posts\/61392\/revisions\/61393"}],"wp:attachment":[{"href":"https:\/\/www.area-press.eu\/comunicatistampa\/wp-json\/wp\/v2\/media?parent=61392"}],"wp:term":[{"taxonomy":"category","embeddable":true,"href":"https:\/\/www.area-press.eu\/comunicatistampa\/wp-json\/wp\/v2\/categories?post=61392"},{"taxonomy":"post_tag","embeddable":true,"href":"https:\/\/www.area-press.eu\/comunicatistampa\/wp-json\/wp\/v2\/tags?post=61392"}],"curies":[{"name":"wp","href":"https:\/\/api.w.org\/{rel}","templated":true}]}}