{"id":6131,"date":"2016-02-12T17:46:17","date_gmt":"2016-02-12T16:46:17","guid":{"rendered":"http:\/\/www.area-press.eu\/comunicatistampa\/?p=6131"},"modified":"2016-02-12T17:46:17","modified_gmt":"2016-02-12T16:46:17","slug":"il-regno-della-bicicletta-e-a-gabicce-mare-pu-a-pasqua-spettacolari-tour-e-degustazioni","status":"publish","type":"post","link":"https:\/\/www.area-press.eu\/comunicatistampa\/2016\/02\/12\/il-regno-della-bicicletta-e-a-gabicce-mare-pu-a-pasqua-spettacolari-tour-e-degustazioni\/","title":{"rendered":"IL REGNO DELLA BICICLETTA \u00c8 A GABICCE MARE (PU), A PASQUA SPETTACOLARI TOUR E DEGUSTAZIONI"},"content":{"rendered":"<p>Dal 26 marzo al 1\u00b0 aprile una settimana di puro godimento sulle due ruote<\/p>\n<p>Pacchetti soggiorno in Hotel convenzionati a disposizione<\/p>\n<p>Il Gruppo Albergatori Multiservizi propone percorsi su misura e delizie locali<\/p>\n<p>www.gabiccemarebike.it e www.gabiccemareturismo.com i siti di riferimento<\/p>\n<p>&nbsp;<\/p>\n<p>&nbsp;<\/p>\n<p>Il numero sette rappresenta ogni forma di scoperta e conoscenza, l\u2019esplorazione del mondo e di noi stessi. Sette, come le giornate ciclistiche che coinvolgeranno gli appassionati nel corso della XXXVI Settimana Cicloturistica Internazionale di Pasqua di Gabicce Mare. Sette appuntamenti in calendario dal 26 marzo al 1\u00b0 aprile all\u2019insegna della propria passione, quella per le due ruote. E perch\u00e9 non immedesimarsi nell\u2019evento circondati dai magnifici luoghi che attorniano la provincia di Pesaro e Urbino?<\/p>\n<p>Tutto questo e molto altro si trova a Gabicce Mare, luogo che fa rima con ospitalit\u00e0 e cordialit\u00e0, in cui i turisti possono disporre di una vacanza ricca di emozioni e divertimento. Dalla spiaggia e percorrendo la Strada Panoramica si possono ammirare la falesia e le profumate ginestre del Parco Naturale di Monte San Bartolo, solamente alcuni dei numerosi spunti offerti dalla zona.<\/p>\n<p>Il Gruppo Albergatori Multiservizi di Gabicce Mare ha messo gi\u00e0 a disposizione alcuni pacchetti soggiorno in Hotel convenzionati, a partire da 240 euro per un minimo di tre giorni, e 462 euro per un soggiorno di 7 giorni, inclusivi di quota d\u2019iscrizione.<\/p>\n<p>Sabato 26 marzo si partir\u00e0 alla volta dei 60 km di Vallefoglia, domenica 27 marzo il programma riserva ai ciclisti un emozionante tour di 54 km sulle colline marchigiano-romagnole. Nel corso della medesima giornata spazio al benessere e alle sublimi leccornie locali, con una grigliata di pesce in Piazza Municipio organizzata dai bagnini di Gabicce Mare.<\/p>\n<p>Luned\u00ec 28 marzo si partir\u00e0 in gruppo in direzione Montefelcino, in un itinerario costituito da 83 km tutti da gustare, marted\u00ec 29 si pedaler\u00e0 verso il Santuario del Beato Sante \u2013 Comune di Mombaroccio, lungo 71 km. Mercoled\u00ec 30 marzo deciso start per Urbino e rientro a Gabicce Mare dopo 85 km. Gioved\u00ec 31 si correranno 65 km alla volta di Petriano, mentre venerd\u00ec 1\u00b0 aprile il percorso si snoder\u00e0 verso Montelabbate regalando degustazioni di prodotti tipici lungo il tracciato, in tutto 55 km di percorrenza.<\/p>\n<p>Il chilometraggio di ogni giornata \u00e8 costituito da andata e ritorno e prevede per ognuno il rientro a Gabicce Mare per l\u2019ora di pranzo, concedendo inoltre sfiziosi ristori lungo gli itinerari, in cui abbonderanno le piadine, il prosciutto di Carpegna e le varie tipicit\u00e0 sfornate dai paesani del luogo, senza dimenticare dell\u2019ottimo vino.<\/p>\n<p>Un\u2019edizione ricca di novit\u00e0 quella di quest\u2019anno, come la cronoscalata Gabicce Mare \u2013 Gabicce Monte e i 119 km di mediofondo \u201cPasqua a Gabicce Mare\u201d, in programma nell\u2019ultima giornata di competizioni, ma anche tanta tradizione, come la consueta scorta della Polizia Stradale che accompagner\u00e0 l\u2019evento, all\u2019insegna della massima sicurezza e professionalit\u00e0 da parte del comitato organizzatore e delle autorit\u00e0 locali.<\/p>\n<p>Le iscrizioni sono aperte, tramite modulo reperibile sul sito della manifestazione, oppure ci si pu\u00f2 registrare in loco presso la sede del Gruppo Albergatori Multiservizi di Gabicce Mare nella giornata di venerd\u00ec 25 marzo dalle ore 14.30 alle ore 21.00 presso il Palazzo del Turismo.<\/p>\n<p>I siti internet <a href=\"http:\/\/www.gabiccemarebike.it\/\">www.gabiccemarebike.it<\/a> e <a href=\"http:\/\/www.gabiccemareturismo.com\/\">www.gabiccemareturismo.com<\/a> sono ricchi di spunti ed informazioni aggiuntive sulla Settimana Cicloturistica Internazionale e sulle opportunit\u00e0 di soggiorno a Gabicce Mare.<\/p>\n","protected":false},"excerpt":{"rendered":"<p>Dal 26 marzo al 1\u00b0 aprile una settimana di puro godimento sulle due ruote Pacchetti soggiorno in Hotel convenzionati a disposizione Il Gruppo Albergatori Multiservizi propone percorsi su misura e delizie locali www.gabiccemarebike.it e www.gabiccemareturismo.com i siti di riferimento &nbsp; &nbsp; Il numero sette rappresenta ogni forma di scoperta e conoscenza, l\u2019esplorazione del mondo e [&hellip;]<\/p>\n","protected":false},"author":15,"featured_media":0,"comment_status":"open","ping_status":"open","sticky":false,"template":"","format":"standard","meta":{"footnotes":""},"categories":[15],"tags":[],"class_list":["post-6131","post","type-post","status-publish","format-standard","hentry","category-sport"],"_links":{"self":[{"href":"https:\/\/www.area-press.eu\/comunicatistampa\/wp-json\/wp\/v2\/posts\/6131","targetHints":{"allow":["GET"]}}],"collection":[{"href":"https:\/\/www.area-press.eu\/comunicatistampa\/wp-json\/wp\/v2\/posts"}],"about":[{"href":"https:\/\/www.area-press.eu\/comunicatistampa\/wp-json\/wp\/v2\/types\/post"}],"author":[{"embeddable":true,"href":"https:\/\/www.area-press.eu\/comunicatistampa\/wp-json\/wp\/v2\/users\/15"}],"replies":[{"embeddable":true,"href":"https:\/\/www.area-press.eu\/comunicatistampa\/wp-json\/wp\/v2\/comments?post=6131"}],"version-history":[{"count":1,"href":"https:\/\/www.area-press.eu\/comunicatistampa\/wp-json\/wp\/v2\/posts\/6131\/revisions"}],"predecessor-version":[{"id":6134,"href":"https:\/\/www.area-press.eu\/comunicatistampa\/wp-json\/wp\/v2\/posts\/6131\/revisions\/6134"}],"wp:attachment":[{"href":"https:\/\/www.area-press.eu\/comunicatistampa\/wp-json\/wp\/v2\/media?parent=6131"}],"wp:term":[{"taxonomy":"category","embeddable":true,"href":"https:\/\/www.area-press.eu\/comunicatistampa\/wp-json\/wp\/v2\/categories?post=6131"},{"taxonomy":"post_tag","embeddable":true,"href":"https:\/\/www.area-press.eu\/comunicatistampa\/wp-json\/wp\/v2\/tags?post=6131"}],"curies":[{"name":"wp","href":"https:\/\/api.w.org\/{rel}","templated":true}]}}