{"id":61144,"date":"2021-07-21T10:17:34","date_gmt":"2021-07-21T08:17:34","guid":{"rendered":"https:\/\/www.area-press.eu\/comunicatistampa\/?p=61144"},"modified":"2021-10-22T17:59:00","modified_gmt":"2021-10-22T15:59:00","slug":"malta-tra-mare-e-cultura","status":"publish","type":"post","link":"https:\/\/www.area-press.eu\/comunicatistampa\/2021\/07\/21\/malta-tra-mare-e-cultura\/","title":{"rendered":"Malta: tra mare e cultura"},"content":{"rendered":"<p>Situata tra la Sicilia e l&#8217;Africa, l&#8217;isola di Malta \u00e8 circondata dal Mar Mediterraneo ed \u00e8 conosciuta per le sue bellezze naturali, ma anche per le sue caratteristiche storiche e culturali. La capitale odierna \u00e8 La Valletta, ma in realt\u00e0 sono ancora visibili i resti dell&#8217;antica capitale dell&#8217;isola, ovvero Mdina, la &#8220;citt\u00e0 del silenzio&#8221;. Malta \u00e8 lo stato pi\u00f9 piccolo dell&#8217;intera Unione Europea ed \u00e8 caratterizzata da un lungo percorso storico, poich\u00e9 venne controllata e abitata nell&#8217;antichit\u00e0 dai Fenici, dai Cartaginesi, dai Romani, dai Bizantini e successivamente dai francesi e dagli inglesi. Proprio per questo, oltre al maltese l&#8217;altra lingua ufficiale dell&#8217;isola \u00e8 l&#8217;inglese; e lo era stato anche l&#8217;italiano fino al 1934. Oggi questa lingua viene ancora utilizzata e compresa, specialmente dalle persone anziane del territorio.<\/p>\n<p>Oggigiorno Malta \u00e8 una delle mete europee pi\u00f9 richieste riguardo al turismo: il Mar Mediterraneo ed il clima mite presente tutto l&#8217;anno fanno s\u00ec che molti turisti arrivino l\u00ec per trascorrere le loro vacanze.\u00a0Se siete interessati ad un viaggio verso Malta, potete visualizzare le offerte e <a href=\"https:\/\/www.traghettimalta.it\/\">acquistare i biglietti sul sito web www.traghettimalta.it<\/a>, in modo da poter prenotare dei biglietti per raggiungere l&#8217;isola, partendo dalla Sicilia, e per approfittare di eventuali offerte in corso.<\/p>\n<h2>Le spiagge di Malta<\/h2>\n<p>Quest&#8217;isola \u00e8 un ottimo posto in cui trascorrere le vacanze, poich\u00e9 le acque del mare sono limpidissime e i fondali si caratterizzano per la presenza di pesci ma anche di grotte. Vi sono profonde insenature e le spiagge sono molto belle. Grazie al clima mite poi, \u00e8 possibile prenotare un viaggio in qualsiasi periodo dell&#8217;anno: gli inverni sono sempre miti e le estati sono calde ed asciutte, grazie alla presenza dello Scirocco.<\/p>\n<p>Le spiagge migliori si trovano sulla costa orientale dell&#8217;isola, mentre quella occidentale \u00e8 pi\u00f9 adatta per la visita di grotte e si caratterizza per le acque molto profonde.\u00a0Non molto lontano dall&#8217;isola vi \u00e8 Inland Sea, un bacino d&#8217;acqua navigabile in barca e connesso al Mar Mediterraneo tramite un canale. In un&#8217;isola vicino a Malta \u00e8 inoltre possibile effettuare un&#8217;escursione in barca presso la laguna blu di Comino.<\/p>\n<h2>Le attrazioni culturali dell&#8217;isola<\/h2>\n<p>Malta \u00e8 ricca di storia. Se siete amanti dell&#8217;arte, non dovete perdervi la visita alla cappelle barocche, alla chiese neogotiche e alle basiliche medievali.\u00a0La Valletta \u00e8 una citt\u00e0 fortificata e in cui sono presenti delle stradine che portano alla Cattedrale di San Giovanni. Questa \u00e8 realizzata in marmo e con decorazioni in oro. Vi sono poi altri siti come il Palazzo del Grande Maestro (ovvero il parlamento dell&#8217;isola), il Forte di Sant&#8217;Elmo ed il Museo delle Belle Arti, nel quale vi sono opere che sono datate a partire dal Rinascimento e vanno fino alla modernit\u00e0. Da non dimenticare sono anche il Museo Archeologico ed i giardini alti Barrakka con vista panoramica sul porto e sulle citt\u00e0 di Senglea, Cospicua e Vittoriosa.<br \/>\nA Mdina invece si possono osservare edifici normanni e barocchi, come il Palazzo Falson di origine medievale e la Cattedrale di San Paolo. Le case della citt\u00e0 ricordano molto il colore ocra chiaro che caratterizza quelle di Trapani, e il bianco quelle della citt\u00e0 di Tunisi. Vi \u00e8 poi il complesso megalitico del tempio, con sculture di animali e di altari.<\/p>\n<p>Tra maggio e settembre vengono organizzate le feste popolari dell&#8217;isola, legate a tradizioni religiose<br \/>\ne caratterizzate da sagre, bande musicali e fuochi d&#8217;artificio. Un esempio \u00e8 la festa di Santa Maria, che si tiene ad agosto.<\/p>\n","protected":false},"excerpt":{"rendered":"<p>Situata tra la Sicilia e l&#8217;Africa, l&#8217;isola di Malta \u00e8 circondata dal Mar Mediterraneo ed \u00e8 conosciuta per le sue bellezze naturali, ma anche per le sue caratteristiche storiche e culturali. La capitale odierna \u00e8 La Valletta, ma in realt\u00e0 sono ancora visibili i resti dell&#8217;antica capitale dell&#8217;isola, ovvero Mdina, la &#8220;citt\u00e0 del silenzio&#8221;. Malta [&hellip;]<\/p>\n","protected":false},"author":1028,"featured_media":0,"comment_status":"open","ping_status":"open","sticky":false,"template":"","format":"standard","meta":{"footnotes":""},"categories":[17],"tags":[],"class_list":["post-61144","post","type-post","status-publish","format-standard","hentry","category-turismo"],"_links":{"self":[{"href":"https:\/\/www.area-press.eu\/comunicatistampa\/wp-json\/wp\/v2\/posts\/61144","targetHints":{"allow":["GET"]}}],"collection":[{"href":"https:\/\/www.area-press.eu\/comunicatistampa\/wp-json\/wp\/v2\/posts"}],"about":[{"href":"https:\/\/www.area-press.eu\/comunicatistampa\/wp-json\/wp\/v2\/types\/post"}],"author":[{"embeddable":true,"href":"https:\/\/www.area-press.eu\/comunicatistampa\/wp-json\/wp\/v2\/users\/1028"}],"replies":[{"embeddable":true,"href":"https:\/\/www.area-press.eu\/comunicatistampa\/wp-json\/wp\/v2\/comments?post=61144"}],"version-history":[{"count":1,"href":"https:\/\/www.area-press.eu\/comunicatistampa\/wp-json\/wp\/v2\/posts\/61144\/revisions"}],"predecessor-version":[{"id":61145,"href":"https:\/\/www.area-press.eu\/comunicatistampa\/wp-json\/wp\/v2\/posts\/61144\/revisions\/61145"}],"wp:attachment":[{"href":"https:\/\/www.area-press.eu\/comunicatistampa\/wp-json\/wp\/v2\/media?parent=61144"}],"wp:term":[{"taxonomy":"category","embeddable":true,"href":"https:\/\/www.area-press.eu\/comunicatistampa\/wp-json\/wp\/v2\/categories?post=61144"},{"taxonomy":"post_tag","embeddable":true,"href":"https:\/\/www.area-press.eu\/comunicatistampa\/wp-json\/wp\/v2\/tags?post=61144"}],"curies":[{"name":"wp","href":"https:\/\/api.w.org\/{rel}","templated":true}]}}