{"id":6109,"date":"2016-02-12T17:46:46","date_gmt":"2016-02-12T16:46:46","guid":{"rendered":"http:\/\/www.area-press.eu\/comunicatistampa\/?p=6109"},"modified":"2016-02-12T17:46:46","modified_gmt":"2016-02-12T16:46:46","slug":"la-granfondo-liotto-scopre-il-pacco-gara-competizione-vicentina-tra-due-mesi-allo-start","status":"publish","type":"post","link":"https:\/\/www.area-press.eu\/comunicatistampa\/2016\/02\/12\/la-granfondo-liotto-scopre-il-pacco-gara-competizione-vicentina-tra-due-mesi-allo-start\/","title":{"rendered":"LA GRANFONDO LIOTTO \u201cSCOPRE\u201d IL PACCO GARA, COMPETIZIONE VICENTINA TRA DUE MESI ALLO START"},"content":{"rendered":"<p>Granfondo Liotto a Vicenza il 10 aprile<\/p>\n<p>Prodotti locali essenza del pacco gara 2016<\/p>\n<p>Gi\u00e0 1500 i contenders alla manifestazione ciclistica<\/p>\n<p>Sabato 9 aprile Junior Liotto Race dedicata ai giovani<\/p>\n<p>&nbsp;<\/p>\n<p>&nbsp;<\/p>\n<p>Il pacco gara della Granfondo Liotto del 10 aprile, al via tra due mesi a Vicenza, sar\u00e0 all\u2019insegna della valorizzazione del territorio vicentino con prodotti ad hoc, offerte e proposte scoppiettanti. I concorrenti troveranno all\u2019interno del pacco: un gel energetico da 125 ml ed un buono sconto per integratori alimentari, un cavatappi della cantina San Valentino di Brendola, tappa di ristoro per tutti i partecipanti della Granfondo Liotto sia nel percorso medio sia nel lungo, un detergente per capi sportivi \u201cBiolen Sport\u201d, un coupon per l\u2019acquisto di un prodotto presso \u201cSorelle Ramonda\u201d, un paio di calzini tecnici, una crema protettiva \u00e9lite studiata appositamente per i ciclisti, una borraccia firmata Liotto da 500 ml ed alcuni prodotti locali come miele, verdure ed altri sfiziosi snack.<\/p>\n<p>Le iscrizioni alla manifestazione sportiva proseguono incessanti e alla cifra di 36 euro ci si potr\u00e0 calare nella parte ed essere fra i contenders della prossima edizione. A due mesi dal via si \u00e8 gi\u00e0 a quota 1500 iscritti, ma i numeri sono destinati a salire sensibilmente anche in futuro, i promotori del contest sulle due ruote sono impegnati in sinergia con le amministrazioni comunali di tutti i paesi attraversati dalla corsa per garantire ai partecipanti della competizione vicentina la massima sicurezza in entrambi i tracciati. Dell\u2019aspetto sicurezza fanno parte anche i ristori, e il comitato organizzatore tiene a comunicare una maggiorazione degli stessi rispetto alle annate precedenti, ne saranno previsti tre sull\u2019itinerario mediofondo e quattro sul percorso granfondo.<\/p>\n<p>\u00c8 stato inoltre confermato il riso party finale preparato dal \u201cComitato festa del riso di Grumolo delle Abbadesse\u201d, cos\u00ec come la gara dedicata ai giovani partecipanti di sabato 9 aprile, la Liotto Junior Race di 550 metri per i ragazzi dai 7 ai 12 anni, segno di un occhio di riguardo anche verso i probabili \u201cpartecipanti futuri\u201d della granfondo.<\/p>\n<p>La gara principale si disputer\u00e0 fra la citt\u00e0 di Vicenza, le opere d\u2019arte palladiane ed i Colli Berici, che hanno nel Monte Berico il proprio punto di riferimento. La partenza e l\u2019arrivo si effettueranno in Viale Roma, prima di cimentarsi con il tracciato mediofondo di 95 km e 1400 metri di dislivello o il percorso granfondo di 130 km e 2300 metri di dislivello.<\/p>\n<p>La prestigiosa competizione sar\u00e0 parte del Campionato Nazionale ACSI, seconda tappa Al\u00e9 Challenge e terza appassionante sfida dell\u2019innovativo Zero Wind Show, un nuovo format atto a valorizzare le bellezze paesaggistiche nostrane.<\/p>\n<p>Al rinnovato sito web <a href=\"http:\/\/www.granfondoliotto.it\/\">www.granfondoliotto.it<\/a> e alla pagina Facebook di riferimento tutte le news dedicate alla granfondo della storica azienda veneta Cicli Liotto Gino &amp; Figli.<\/p>\n","protected":false},"excerpt":{"rendered":"<p>Granfondo Liotto a Vicenza il 10 aprile Prodotti locali essenza del pacco gara 2016 Gi\u00e0 1500 i contenders alla manifestazione ciclistica Sabato 9 aprile Junior Liotto Race dedicata ai giovani &nbsp; &nbsp; Il pacco gara della Granfondo Liotto del 10 aprile, al via tra due mesi a Vicenza, sar\u00e0 all\u2019insegna della valorizzazione del territorio vicentino [&hellip;]<\/p>\n","protected":false},"author":15,"featured_media":0,"comment_status":"open","ping_status":"open","sticky":false,"template":"","format":"standard","meta":{"footnotes":""},"categories":[15],"tags":[],"class_list":["post-6109","post","type-post","status-publish","format-standard","hentry","category-sport"],"_links":{"self":[{"href":"https:\/\/www.area-press.eu\/comunicatistampa\/wp-json\/wp\/v2\/posts\/6109","targetHints":{"allow":["GET"]}}],"collection":[{"href":"https:\/\/www.area-press.eu\/comunicatistampa\/wp-json\/wp\/v2\/posts"}],"about":[{"href":"https:\/\/www.area-press.eu\/comunicatistampa\/wp-json\/wp\/v2\/types\/post"}],"author":[{"embeddable":true,"href":"https:\/\/www.area-press.eu\/comunicatistampa\/wp-json\/wp\/v2\/users\/15"}],"replies":[{"embeddable":true,"href":"https:\/\/www.area-press.eu\/comunicatistampa\/wp-json\/wp\/v2\/comments?post=6109"}],"version-history":[{"count":1,"href":"https:\/\/www.area-press.eu\/comunicatistampa\/wp-json\/wp\/v2\/posts\/6109\/revisions"}],"predecessor-version":[{"id":6110,"href":"https:\/\/www.area-press.eu\/comunicatistampa\/wp-json\/wp\/v2\/posts\/6109\/revisions\/6110"}],"wp:attachment":[{"href":"https:\/\/www.area-press.eu\/comunicatistampa\/wp-json\/wp\/v2\/media?parent=6109"}],"wp:term":[{"taxonomy":"category","embeddable":true,"href":"https:\/\/www.area-press.eu\/comunicatistampa\/wp-json\/wp\/v2\/categories?post=6109"},{"taxonomy":"post_tag","embeddable":true,"href":"https:\/\/www.area-press.eu\/comunicatistampa\/wp-json\/wp\/v2\/tags?post=6109"}],"curies":[{"name":"wp","href":"https:\/\/api.w.org\/{rel}","templated":true}]}}