{"id":60822,"date":"2021-07-08T07:43:52","date_gmt":"2021-07-08T05:43:52","guid":{"rendered":"https:\/\/www.area-press.eu\/comunicatistampa\/?p=60822"},"modified":"2021-10-22T18:00:10","modified_gmt":"2021-10-22T16:00:10","slug":"cerimonia-di-premiazione-di-accordi-disaccordi-festival-internazionale-del-cortometraggio-17ma-edizione","status":"publish","type":"post","link":"https:\/\/www.area-press.eu\/comunicatistampa\/2021\/07\/08\/cerimonia-di-premiazione-di-accordi-disaccordi-festival-internazionale-del-cortometraggio-17ma-edizione\/","title":{"rendered":"Cerimonia di Premiazione di accordi @ DISACCORDI \u2013 Festival Internazionale del Cortometraggio \u2013 17ma Edizione"},"content":{"rendered":"<p>Giunge a conclusione la 17.ma edizione di \u201caccordi @ DISACCORDI \u2013 Festival\u00a0 Internazionale del Cortometraggio\u201d e la cerimonia di premiazione con la proiezione dei cortometraggi, e del documentario e del film d\u2019animazione vincitori per la giuria artistica formata dal presidente, il montatore Giogi\u00f2 Franchini, accompagnato dai giurati: l\u2019attrice Teresa Saponangelo e il regista Lamberto Lambertini, si terr\u00e0 il prossimo 9 luglio 2021 dalle ore 20.30 presso la Corte dell\u2019Arte di FOQUS a Napoli in Via Portacarrese a Montecalvario, 69. Verranno premiati, alla presenza dei vincitori, \u00a0i miglior: cortometraggio internazionale, cortometraggio italiano, cortometraggio campano, cortometraggio d\u2019animazione, documentario, attore ed attrice, premio del pubblico. L\u2019Associazione Nazionale Montatori Cinematografici e Televisivi assegner\u00e0 il suo premio tramite la giuria formata da Giogi\u00f2 Franchini, Osvaldo Bargero e Alessandro Giordani. La partecipazione alla serata \u00e8 gratuita nel rispetto delle norme per il contenimento da contagio da Covid-19 e si consiglia la prenotazione all\u2019indirizzo email: accordiedisaccordi@gmail.com. Conduce la serata la presentatrice Mariasilvia Malvone.<\/p>\n<p>La 17.ma edizione di accordi @ DISACCORDI \u2013 Festival Internazionale del Cortometraggio \u00e8\u00a0 stata organizzata dall\u2019Associazione Movies Event, e diretta artisticamente da Pietro Pizzimento e Fabio Gargano, \u00a0con lo sponsor principale ASCI \u2013 Scuola di Cinema Napoletana,\u00a0 con la partnership di Film Commission Regione Campania e AMC \u2013 Associazione Montaggio Cinematografico e Televisivo e in collaborazione con il Comune di Napoli \u2013 Assessorato alla Cultura e al Turismo, con\u00a0 il Centro Sperimentale di Cinematografia, con il Centro Nazionale del Cortometraggio, e con il sostegno della Regione Campania.<\/p>\n<p><a href=\"http:\/\/www.accordiedisaccordi.it\">www.accordiedisaccordi.it<\/a> \u00a0\u00a0\u00a0\u00a0Info: 0815491838\u00a0\u00a0 \u00a0accordiedisaccordi@gmail.com<\/p>\n","protected":false},"excerpt":{"rendered":"<p>Giunge a conclusione la 17.ma edizione di \u201caccordi @ DISACCORDI \u2013 Festival\u00a0 Internazionale del Cortometraggio\u201d e la cerimonia di premiazione con la proiezione dei cortometraggi, e del documentario e del film d\u2019animazione vincitori per la giuria artistica formata dal presidente, il montatore Giogi\u00f2 Franchini, accompagnato dai giurati: l\u2019attrice Teresa Saponangelo e il regista Lamberto Lambertini, [&hellip;]<\/p>\n","protected":false},"author":6599,"featured_media":0,"comment_status":"open","ping_status":"open","sticky":false,"template":"","format":"standard","meta":{"footnotes":""},"categories":[3],"tags":[],"class_list":["post-60822","post","type-post","status-publish","format-standard","hentry","category-arte-e-cultura"],"_links":{"self":[{"href":"https:\/\/www.area-press.eu\/comunicatistampa\/wp-json\/wp\/v2\/posts\/60822","targetHints":{"allow":["GET"]}}],"collection":[{"href":"https:\/\/www.area-press.eu\/comunicatistampa\/wp-json\/wp\/v2\/posts"}],"about":[{"href":"https:\/\/www.area-press.eu\/comunicatistampa\/wp-json\/wp\/v2\/types\/post"}],"author":[{"embeddable":true,"href":"https:\/\/www.area-press.eu\/comunicatistampa\/wp-json\/wp\/v2\/users\/6599"}],"replies":[{"embeddable":true,"href":"https:\/\/www.area-press.eu\/comunicatistampa\/wp-json\/wp\/v2\/comments?post=60822"}],"version-history":[{"count":1,"href":"https:\/\/www.area-press.eu\/comunicatistampa\/wp-json\/wp\/v2\/posts\/60822\/revisions"}],"predecessor-version":[{"id":60823,"href":"https:\/\/www.area-press.eu\/comunicatistampa\/wp-json\/wp\/v2\/posts\/60822\/revisions\/60823"}],"wp:attachment":[{"href":"https:\/\/www.area-press.eu\/comunicatistampa\/wp-json\/wp\/v2\/media?parent=60822"}],"wp:term":[{"taxonomy":"category","embeddable":true,"href":"https:\/\/www.area-press.eu\/comunicatistampa\/wp-json\/wp\/v2\/categories?post=60822"},{"taxonomy":"post_tag","embeddable":true,"href":"https:\/\/www.area-press.eu\/comunicatistampa\/wp-json\/wp\/v2\/tags?post=60822"}],"curies":[{"name":"wp","href":"https:\/\/api.w.org\/{rel}","templated":true}]}}