{"id":6063,"date":"2016-02-10T14:11:07","date_gmt":"2016-02-10T13:11:07","guid":{"rendered":"http:\/\/www.area-press.eu\/comunicatistampa\/?p=6063"},"modified":"2016-02-10T14:11:07","modified_gmt":"2016-02-10T13:11:07","slug":"giulianello-di-cori-la-farmacia-san-giuliano-aderisce-alla-xvi-giornata-di-raccolta-del-farmaco","status":"publish","type":"post","link":"https:\/\/www.area-press.eu\/comunicatistampa\/2016\/02\/10\/giulianello-di-cori-la-farmacia-san-giuliano-aderisce-alla-xvi-giornata-di-raccolta-del-farmaco\/","title":{"rendered":"Giulianello di Cori: la Farmacia San Giuliano aderisce alla XVI Giornata di Raccolta del Farmaco"},"content":{"rendered":"<p>Come ogni secondo sabato di Febbraio torna la <strong>XVI Giornata di Raccolta del Farmaco.<\/strong> Il<strong> 13 Febbraio<\/strong> si potr\u00e0 dare il proprio contributo di solidariet\u00e0 a favore della povert\u00e0 sanitaria. A Giulianello, presso la <strong>Farmacia San Giuliano dei Dottori Montecuollo, <\/strong>sar\u00e0 possibile acquistare uno o pi\u00f9 farmaci da banco, che non necessitano di prescrizione medica, destinati alle persone meno fortunate tramite le associazioni di volontariato che operano sul <strong>territorio<\/strong>. Saranno i farmacisti stessi a consigliare il tipo di <strong>medicinale<\/strong> di cui vi \u00e8 maggiore\u00a0<strong>necessit\u00e0.<\/strong><\/p>\n<p>Dal 2000 ad oggi, in tutta Italia, sono stati raccolti quasi 4 milioni di farmaci per un controvalore commerciale superiore a 22 milioni di euro. L\u2019ultima edizione ha coinvolto 3.673 farmacie e oltre 14.000 volontari, per un totale di 360.000 donazioni distribuite a pi\u00f9 di 700.000 indigenti. <strong>Quest\u2019anno la partecipazione dei cittadini \u00e8 pi\u00f9 importante che mai<\/strong>: secondo i dati dell\u2019Osservatorio sulla Donazione dei Farmaci del Banco Farmaceutico <strong>dal 2014 al 2015<\/strong> <strong>\u00e8 aumentata del 6,4% la richiesta di farmaci da parte di quella fascia di popolazione che non \u00e8 pi\u00f9 in grado di acquistare medicinali, nemmeno quelli con ricetta medica<\/strong>. A beneficiare dell\u2019iniziativa saranno pi\u00f9 di 400mila persone, tra anziani, famiglie ed immigrati in difficolt\u00e0 economica, che ogni giorno devono scegliere se mangiare o curarsi, assistite quotidianamente dagli oltre 1600 enti caritativi che collaborano con il Banco Farmaceutico.<\/p>\n<p>La <strong>GRF 2016<\/strong> si svolger\u00e0 in <strong>1200 Comuni italiani<\/strong>, realizzata dalla <strong>Fondazione Banco Farmaceutico Onlus<\/strong> insieme con <strong>BF Research<\/strong>, <strong>Federfarma<\/strong>, <strong>FOFI<\/strong> e <strong>CDO Opere Sociali<\/strong>. Ha ottenuto l\u2019<strong>Alto Patronato della Presidenza della Repubblica <\/strong>e ha il patrocinio di <strong>AIFA (Agenzia Italiana del Farmaco)<\/strong>, <strong>Pubblicit\u00e0 Progresso<\/strong> e del <strong>Giubileo della Misericordia<\/strong>; il sostegno di <strong>ASSOSALUTE<\/strong>, <strong>DOC Generici<\/strong>, <strong>EG EuroGenerici<\/strong>, <strong>Intesa San Paolo<\/strong>, <strong>Teva Italia<\/strong>, il supporto dei media partner <strong>Avvenire<\/strong>, <strong>TV2000<\/strong>, <strong>Gruppo 24 Ore<\/strong>, <strong>Agenzia SIR<\/strong> e la collaborazione della testata nazionale <strong>TGR<\/strong> e del <strong>Segretariato Sociale Rai<\/strong>.<\/p>\n","protected":false},"excerpt":{"rendered":"<p>Come ogni secondo sabato di Febbraio torna la XVI Giornata di Raccolta del Farmaco. Il 13 Febbraio si potr\u00e0 dare il proprio contributo di solidariet\u00e0 a favore della povert\u00e0 sanitaria. A Giulianello, presso la Farmacia San Giuliano dei Dottori Montecuollo, sar\u00e0 possibile acquistare uno o pi\u00f9 farmaci da banco, che non necessitano di prescrizione medica, [&hellip;]<\/p>\n","protected":false},"author":659,"featured_media":0,"comment_status":"open","ping_status":"open","sticky":false,"template":"","format":"standard","meta":{"footnotes":""},"categories":[8],"tags":[],"class_list":["post-6063","post","type-post","status-publish","format-standard","hentry","category-eventi"],"_links":{"self":[{"href":"https:\/\/www.area-press.eu\/comunicatistampa\/wp-json\/wp\/v2\/posts\/6063","targetHints":{"allow":["GET"]}}],"collection":[{"href":"https:\/\/www.area-press.eu\/comunicatistampa\/wp-json\/wp\/v2\/posts"}],"about":[{"href":"https:\/\/www.area-press.eu\/comunicatistampa\/wp-json\/wp\/v2\/types\/post"}],"author":[{"embeddable":true,"href":"https:\/\/www.area-press.eu\/comunicatistampa\/wp-json\/wp\/v2\/users\/659"}],"replies":[{"embeddable":true,"href":"https:\/\/www.area-press.eu\/comunicatistampa\/wp-json\/wp\/v2\/comments?post=6063"}],"version-history":[{"count":1,"href":"https:\/\/www.area-press.eu\/comunicatistampa\/wp-json\/wp\/v2\/posts\/6063\/revisions"}],"predecessor-version":[{"id":6064,"href":"https:\/\/www.area-press.eu\/comunicatistampa\/wp-json\/wp\/v2\/posts\/6063\/revisions\/6064"}],"wp:attachment":[{"href":"https:\/\/www.area-press.eu\/comunicatistampa\/wp-json\/wp\/v2\/media?parent=6063"}],"wp:term":[{"taxonomy":"category","embeddable":true,"href":"https:\/\/www.area-press.eu\/comunicatistampa\/wp-json\/wp\/v2\/categories?post=6063"},{"taxonomy":"post_tag","embeddable":true,"href":"https:\/\/www.area-press.eu\/comunicatistampa\/wp-json\/wp\/v2\/tags?post=6063"}],"curies":[{"name":"wp","href":"https:\/\/api.w.org\/{rel}","templated":true}]}}