{"id":60625,"date":"2021-07-14T23:13:52","date_gmt":"2021-07-14T21:13:52","guid":{"rendered":"https:\/\/www.area-press.eu\/comunicatistampa\/?p=60625"},"modified":"2021-07-14T23:13:52","modified_gmt":"2021-07-14T21:13:52","slug":"disinfestazione-a-microonde-un-alleato-anche-contro-lumidita-di-risalita","status":"publish","type":"post","link":"https:\/\/www.area-press.eu\/comunicatistampa\/2021\/07\/14\/disinfestazione-a-microonde-un-alleato-anche-contro-lumidita-di-risalita\/","title":{"rendered":"Disinfestazione a microonde: un alleato anche contro l\u2019umidit\u00e0 di risalita"},"content":{"rendered":"<p>Un alleato efficace contro i <a href=\"http:\/\/www.trattamentoantitarlo.net\/\"><strong><u>parassiti del legno<\/u><\/strong><\/a> ma non solo: stiamo parlando della disinfestazione a microonde, una tecnologia sempre pi\u00f9 impiegata al giorno d\u2019oggi negli interventi di riqualificazione in edilizia. Uno dei problemi pi\u00f9 spinosi con il quale si \u00e8 costretti spesso a fare i conti nelle nostre abitazioni \u00e8 quello dell\u2019umidit\u00e0 di risalita, un fenomeno in grado di arrecare ingenti danni strutturali che, se non adeguatamente risolti, rischia di portare al degrado totale o parziale dell\u2019immobile.<\/p>\n<p>Un fenomeno che si manifesta soprattutto a causa di una inesistente o inadeguata coibentazione tra la fondazione e la base di un edificio, e che rappresenta un pericolo anche per la salute di chi ci vive al suo interno: la sempre odiata muffa e umidit\u00e0 sui muri.<\/p>\n<p>L\u2019acqua del sottosuolo, infatti, proprio in virt\u00f9 di un isolamento precario o assente, tende facilmente a risalire lungo il pavimento e le pareti perimetrali, portando al risultato a cui abbiamo accennato. Un problema che diventa ancora pi\u00f9 accentuato in presenza di pareti e travi in legno.<\/p>\n<p>Proprio per questo, la tecnologia a microonde sta acquisendo sempre pi\u00f9 importanza in ambito edilizio perch\u00e9, alla stregua di quanto gi\u00e0 avviene con la <a href=\"http:\/\/www.trattamentoantitarlo.net\/aree\/disinfestazione-tarli\"><strong><u>disinfestazione tarli<\/u><\/strong><\/a>, anche la deumidificazione a microonde \u00e8 un intervento ecologico, rapido e sicuro, capace di essiccare pavimenti e travi, nonch\u00e9 combattere muffe ed esfoliazioni in tempi ristrettissimi.<\/p>\n","protected":false},"excerpt":{"rendered":"<p>Un alleato efficace contro i parassiti del legno ma non solo: stiamo parlando della disinfestazione a microonde, una tecnologia sempre pi\u00f9 impiegata al giorno d\u2019oggi negli interventi di riqualificazione in edilizia. Uno dei problemi pi\u00f9 spinosi con il quale si \u00e8 costretti spesso a fare i conti nelle nostre abitazioni \u00e8 quello dell\u2019umidit\u00e0 di risalita, [&hellip;]<\/p>\n","protected":false},"author":5108,"featured_media":0,"comment_status":"open","ping_status":"open","sticky":false,"template":"","format":"standard","meta":{"footnotes":""},"categories":[18],"tags":[21091,21090,21092],"class_list":["post-60625","post","type-post","status-publish","format-standard","hentry","category-altri-vari","tag-disinfestazione-tarli","tag-restauro-mobili-antichi","tag-trattamento-antitarlo"],"_links":{"self":[{"href":"https:\/\/www.area-press.eu\/comunicatistampa\/wp-json\/wp\/v2\/posts\/60625","targetHints":{"allow":["GET"]}}],"collection":[{"href":"https:\/\/www.area-press.eu\/comunicatistampa\/wp-json\/wp\/v2\/posts"}],"about":[{"href":"https:\/\/www.area-press.eu\/comunicatistampa\/wp-json\/wp\/v2\/types\/post"}],"author":[{"embeddable":true,"href":"https:\/\/www.area-press.eu\/comunicatistampa\/wp-json\/wp\/v2\/users\/5108"}],"replies":[{"embeddable":true,"href":"https:\/\/www.area-press.eu\/comunicatistampa\/wp-json\/wp\/v2\/comments?post=60625"}],"version-history":[{"count":1,"href":"https:\/\/www.area-press.eu\/comunicatistampa\/wp-json\/wp\/v2\/posts\/60625\/revisions"}],"predecessor-version":[{"id":60626,"href":"https:\/\/www.area-press.eu\/comunicatistampa\/wp-json\/wp\/v2\/posts\/60625\/revisions\/60626"}],"wp:attachment":[{"href":"https:\/\/www.area-press.eu\/comunicatistampa\/wp-json\/wp\/v2\/media?parent=60625"}],"wp:term":[{"taxonomy":"category","embeddable":true,"href":"https:\/\/www.area-press.eu\/comunicatistampa\/wp-json\/wp\/v2\/categories?post=60625"},{"taxonomy":"post_tag","embeddable":true,"href":"https:\/\/www.area-press.eu\/comunicatistampa\/wp-json\/wp\/v2\/tags?post=60625"}],"curies":[{"name":"wp","href":"https:\/\/api.w.org\/{rel}","templated":true}]}}