{"id":60575,"date":"2021-07-14T23:13:48","date_gmt":"2021-07-14T21:13:48","guid":{"rendered":"https:\/\/www.area-press.eu\/comunicatistampa\/?p=60575"},"modified":"2021-07-14T23:13:48","modified_gmt":"2021-07-14T21:13:48","slug":"massimo-malvestio-la-dc-in-veneto-lapprofondimento-dellavvocato-ed-editorialista","status":"publish","type":"post","link":"https:\/\/www.area-press.eu\/comunicatistampa\/2021\/07\/14\/massimo-malvestio-la-dc-in-veneto-lapprofondimento-dellavvocato-ed-editorialista\/","title":{"rendered":"Massimo Malvestio: la DC in Veneto, l\u2019approfondimento dell\u2019avvocato ed editorialista"},"content":{"rendered":"<p><em><strong><a title=\"Massimo Malvestio - Pressonlinews\" href=\"https:\/\/www.pressonlinews.com\/tag\/massimo-malvestio\/\">Massimo Malvestio<\/a>: focus sull&#8217;attivit\u00e0 di editorialista dell&#8217;avvocato trevigiano, oggi a Malta in qualit\u00e0 di Presidente del Comitato per gli Investimenti di Praude Asset Management Ltd.<\/strong><\/em><\/p>\n<p><a title=\"Massimo Malvestio: Pressonlinews\" href=\"https:\/\/www.pressonlinews.com\/tag\/massimo-malvestio\/\"><img decoding=\"async\" src=\"https:\/\/www.pressonlinews.com\/wp-content\/uploads\/2021\/06\/massimo-malvestio.jpg\" alt=\"Massimo Malvestio\" width=\"120\" \/><\/a><\/p>\n<h2>Massimo Malvestio: gli editoriali firmati dall&#8217;avvocato<\/h2>\n<p>Originario di Treviso, l&#8217;avvocato <strong>Massimo Malvestio<\/strong> si \u00e8 trasferito da diversi anni a Malta dove ha fondato Praude Asset Management Ltd, che tuttora guida nel ruolo di Presidente del Comitato per gli Investimenti. \u00c8 autore di numerosi editoriali, scritti per diverse testate di rilievo come &#8220;Nordesteuropa&#8221; e &#8220;Corriere del Veneto&#8221;: alcuni di questi sono stati ripresi recentemente anche da &#8220;Venezie Post&#8221;, a riprova della lungimiranza delle sue analisi. Delicate operazioni di rilievo finanziario ma anche excursus di carattere storico sulle principali realt\u00e0 attive in ambito economico e politiche in Veneto come banche, fondazioni, municipalizzate, associazioni di categoria, partiti. Di recente, ad esempio, ne \u00e8 stato rilanciato uno scritto nel 2005 per &#8220;Nordesteuropa&#8221; in cui <strong>Massimo Malvestio<\/strong> si soffermava ad analizzare la parabola della Democrazia Cristiana in Veneto.<\/p>\n<h2>La Democrazia Cristiana in Veneto: l&#8217;editoriale di Massimo Malvestio<\/h2>\n<p>Nell&#8217;editoriale, <a title=\"Massimo Malvestio, Pressonlinews\" href=\"https:\/\/www.pressonlinews.com\/tag\/massimo-malvestio\/\">Massimo Malvestio<\/a> spiega come la Democrazia Cristiana sia riuscita a imporsi per 50 anni in Veneto &#8220;anche grazie alla coesistenza&#8221; di due anime &#8220;che si sono reciprocamente condizionate e che hanno dovuto apprendere ciascuna qualcosa dall&#8217;altra ma che sono, nel loro complesso, riuscite a produrre una classe dirigente che era tale&#8221;. Da una parte &#8220;chi studiava e con la cultura politica mirava a trasformare la societ\u00e0&#8221; e dall&#8217;altra &#8220;chi organizzava il territorio in una prassi di governo&#8221;: l&#8217;egemonia della DC si realizza in questa &#8220;sintesi dinamica e originale tra due visioni apparentemente antitetiche&#8221;. Poi negli anni &#8217;80 l&#8217;equilibrio comincia a incrinarsi e la coesistenza tra quelle due anime diviene &#8220;paralisi prima e diaspora poi&#8221;. <strong>Massimo Malvestio<\/strong> illustra poi le ragioni alla base della crisi: &#8220;La radicale modifica dell&#8217;assetto economico della regione che sempre pi\u00f9 ha chiesto alla politica non gi\u00e0 di provvedere i mezzi per lo sviluppo ma pi\u00f9 semplicemente di conservare i benefici portati dallo sviluppo raggiunto&#8221;. E la Chiesa che &#8220;nel frattempo ha perduto la capacit\u00e0 di attrarre e di condizionare&#8221;. Da allora diverse esperienze politiche si sono succedute in Veneto: &#8220;Molti partiti sono nati, si sono scissi e sono morti in una sola legislatura e consensi anche significativi sono stati raccolti per sparire senza alcuna evidente ragione alla tornata elettorale successiva&#8221;.<\/p>\n","protected":false},"excerpt":{"rendered":"<p>Massimo Malvestio: focus sull&#8217;attivit\u00e0 di editorialista dell&#8217;avvocato trevigiano, oggi a Malta in qualit\u00e0 di Presidente del Comitato per gli Investimenti di Praude Asset Management Ltd. Massimo Malvestio: gli editoriali firmati dall&#8217;avvocato Originario di Treviso, l&#8217;avvocato Massimo Malvestio si \u00e8 trasferito da diversi anni a Malta dove ha fondato Praude Asset Management Ltd, che tuttora guida [&hellip;]<\/p>\n","protected":false},"author":40,"featured_media":0,"comment_status":"open","ping_status":"open","sticky":false,"template":"","format":"standard","meta":{"footnotes":""},"categories":[29],"tags":[30477],"class_list":["post-60575","post","type-post","status-publish","format-standard","hentry","category-comunicati","tag-massimo-malvestio"],"_links":{"self":[{"href":"https:\/\/www.area-press.eu\/comunicatistampa\/wp-json\/wp\/v2\/posts\/60575","targetHints":{"allow":["GET"]}}],"collection":[{"href":"https:\/\/www.area-press.eu\/comunicatistampa\/wp-json\/wp\/v2\/posts"}],"about":[{"href":"https:\/\/www.area-press.eu\/comunicatistampa\/wp-json\/wp\/v2\/types\/post"}],"author":[{"embeddable":true,"href":"https:\/\/www.area-press.eu\/comunicatistampa\/wp-json\/wp\/v2\/users\/40"}],"replies":[{"embeddable":true,"href":"https:\/\/www.area-press.eu\/comunicatistampa\/wp-json\/wp\/v2\/comments?post=60575"}],"version-history":[{"count":2,"href":"https:\/\/www.area-press.eu\/comunicatistampa\/wp-json\/wp\/v2\/posts\/60575\/revisions"}],"predecessor-version":[{"id":60578,"href":"https:\/\/www.area-press.eu\/comunicatistampa\/wp-json\/wp\/v2\/posts\/60575\/revisions\/60578"}],"wp:attachment":[{"href":"https:\/\/www.area-press.eu\/comunicatistampa\/wp-json\/wp\/v2\/media?parent=60575"}],"wp:term":[{"taxonomy":"category","embeddable":true,"href":"https:\/\/www.area-press.eu\/comunicatistampa\/wp-json\/wp\/v2\/categories?post=60575"},{"taxonomy":"post_tag","embeddable":true,"href":"https:\/\/www.area-press.eu\/comunicatistampa\/wp-json\/wp\/v2\/tags?post=60575"}],"curies":[{"name":"wp","href":"https:\/\/api.w.org\/{rel}","templated":true}]}}