{"id":6054,"date":"2016-02-10T14:11:07","date_gmt":"2016-02-10T13:11:07","guid":{"rendered":"http:\/\/www.area-press.eu\/comunicatistampa\/?p=6054"},"modified":"2016-02-10T14:11:07","modified_gmt":"2016-02-10T13:11:07","slug":"renato-ravanelli-dai-primi-incarichi-finanziari-alla-carica-di-ceo-di-f2i-sgr-s-p-a","status":"publish","type":"post","link":"https:\/\/www.area-press.eu\/comunicatistampa\/2016\/02\/10\/renato-ravanelli-dai-primi-incarichi-finanziari-alla-carica-di-ceo-di-f2i-sgr-s-p-a\/","title":{"rendered":"Renato Ravanelli, dai primi incarichi finanziari alla carica di CEO di F2i SGR S.p.A."},"content":{"rendered":"<p><em><strong><a title=\"F2i - WordPress\" href=\"https:\/\/fondof2i.wordpress.com\/\">F2i SGR S.p.A.<\/a>, costituita nel gennaio 2007, \u00e8 la societ\u00e0 di gestione del risparmio che ha lanciato il pi\u00f9 grande fondo chiuso italiano, dedicato a investimenti nel settore e guidato e coordinato da Renato Ravanelli.<\/strong><\/em><\/p>\n<p><a title=\"F2i - WordPress\" href=\"https:\/\/fondof2i.wordpress.com\/\"><img loading=\"lazy\" decoding=\"async\" src=\"http:\/\/www.h2biz.eu\/public\/min_11683-i-logof2i.jpg\" alt=\"F2i - Fondi Italiani per le Infrastrutture\" width=\"175\" height=\"165\" \/><\/a><\/p>\n<h2>La biografia professionale di Renato Ravanelli, manager alla guida di F2i<\/h2>\n<p><strong>Renato Ravanelli<\/strong> \u00e8 un manager nato a Milano nel 1965, da ottobre 2014 Amministratore Delegato di <strong>F2i SGR S.p.A. &#8211; Fondi Italiani per le infrastrutture<\/strong>. Conseguita la Laurea in Economia e Commercio, inizia a lavorare svolgendo attivit\u00e0 nel settore utilities e assicurazioni. Successivamente diviene Financial Analyst e macroeconomista in due importanti istituti finanziari per la durata di quattro anni, per poi assumere la carica di Responsabile del trading di elettricit\u00e0 e gas per il Gruppo AEM, ricevendo la nomina a CFO e Direttore delle strategie. Nel 2005 entra in Edison e poi in A2A, tra le pi\u00f9 importanti multiutility attive nei settori gas ed energia elettrica, ambientale e della gestione delle reti predisposte per la distribuzione di vettori di energia, dove viene nominato Direttore Generale e Componente Esecutivo del Consiglio di Gestione. Nel 2010 entra a far parte di Inframed, fondo per le infrastrutture attivo in Turchia e Nord Africa, in qualit\u00e0 di Componente Indipendente del Comitato Investimenti. Renato Ravanelli assume, infine, l&#8217;attuale carica di Amministratore Delegato di F2i &#8211; Fondi italiani per le infrastrutture nel 2014, con Presidente del Consiglio d&#8217;Amministrazione Bernardo Bini Smaghi.<\/p>\n<h2>Renato Ravanelli e la sua esperienza professionale presso F2i &#8211; Fondi italiani per le infrastrutture<\/h2>\n<p>Entrato in <strong><a title=\"F2i - WordPress\" href=\"https:\/\/fondof2i.wordpress.com\/\">F2i SGR S.p.A.<\/a><\/strong> nell&#8217;ottobre del 2014, in qualit\u00e0 di Amministratore Delegato, <strong>Renato Ravanelli<\/strong> ha guidato la societ\u00e0 verso il primato di primo fondo comune di investimento mobiliare di tipo chiuso. Tale Societ\u00e0 di Gestione del Risparmio (SGR) nasce nel 2007 con il primario obiettivo di raccogliere fondi da veicolare nel sistema infrastrutturale italiano, allo scopo di elevare i livelli di efficienza agli standard europei. La SGR si interfaccia con interlocutori nazionali e internazionali, oltre a enti pubblici e privati. Infrastrutture sociali, reti di trasporto e di distribuzione di acqua, gas ed elettricit\u00e0, gestione dei rifiuti sono solo alcuni dei settori di investimento nei quali F2i SGR S.p.A. \u00e8 intervenuta nel tempo. In particolare, la societ\u00e0 si avvale di due Fondi distinti, denominati Primo Fondo, creato nel 2007, e Secondo Fondo, realizzato nel 2012, che ha avuto modo di mettere in atto importanti investimenti sotto la gestione di Renato Ravanelli. Con i suoi 1.852 milioni di Euro a disposizione, il Primo Fondo \u00e8 stato autorizzato dalla Banca d&#8217;Italia nell&#8217;agosto 2007, ponendosi come aggregatore di soggetti pubblici e privati attivi nel settore infrastrutturale nazionale. Ha partecipato, inoltre, a processi di privatizzazione, consolidamento delle relazioni con Enti locali ed imprenditori privati, mediando con investitori domestici ed internazionali. Il Secondo Fondo F2i \u00e8 stato istituito dal Consiglio d&#8217;Amministrazione di F2i SGR SpA che, a luglio 2012, ne ha approvato il Regolamento. Nel luglio 2015, il Secondo Fondo ha raggiunto una raccolta di ben 1.242,5 milioni di Euro, superando di oltre 40 milioni il target iniziale. Come gi\u00e0 per il Primo Fondo, la missione del Secondo \u00e8 quella di affermarsi come investitore e partner di lungo periodo nel settore delle infrastrutture in Italia.<\/p>\n","protected":false},"excerpt":{"rendered":"<p>F2i SGR S.p.A., costituita nel gennaio 2007, \u00e8 la societ\u00e0 di gestione del risparmio che ha lanciato il pi\u00f9 grande fondo chiuso italiano, dedicato a investimenti nel settore e guidato e coordinato da Renato Ravanelli. La biografia professionale di Renato Ravanelli, manager alla guida di F2i Renato Ravanelli \u00e8 un manager nato a Milano nel [&hellip;]<\/p>\n","protected":false},"author":40,"featured_media":0,"comment_status":"open","ping_status":"open","sticky":false,"template":"","format":"standard","meta":{"footnotes":""},"categories":[29],"tags":[],"class_list":["post-6054","post","type-post","status-publish","format-standard","hentry","category-comunicati"],"_links":{"self":[{"href":"https:\/\/www.area-press.eu\/comunicatistampa\/wp-json\/wp\/v2\/posts\/6054","targetHints":{"allow":["GET"]}}],"collection":[{"href":"https:\/\/www.area-press.eu\/comunicatistampa\/wp-json\/wp\/v2\/posts"}],"about":[{"href":"https:\/\/www.area-press.eu\/comunicatistampa\/wp-json\/wp\/v2\/types\/post"}],"author":[{"embeddable":true,"href":"https:\/\/www.area-press.eu\/comunicatistampa\/wp-json\/wp\/v2\/users\/40"}],"replies":[{"embeddable":true,"href":"https:\/\/www.area-press.eu\/comunicatistampa\/wp-json\/wp\/v2\/comments?post=6054"}],"version-history":[{"count":1,"href":"https:\/\/www.area-press.eu\/comunicatistampa\/wp-json\/wp\/v2\/posts\/6054\/revisions"}],"predecessor-version":[{"id":6055,"href":"https:\/\/www.area-press.eu\/comunicatistampa\/wp-json\/wp\/v2\/posts\/6054\/revisions\/6055"}],"wp:attachment":[{"href":"https:\/\/www.area-press.eu\/comunicatistampa\/wp-json\/wp\/v2\/media?parent=6054"}],"wp:term":[{"taxonomy":"category","embeddable":true,"href":"https:\/\/www.area-press.eu\/comunicatistampa\/wp-json\/wp\/v2\/categories?post=6054"},{"taxonomy":"post_tag","embeddable":true,"href":"https:\/\/www.area-press.eu\/comunicatistampa\/wp-json\/wp\/v2\/tags?post=6054"}],"curies":[{"name":"wp","href":"https:\/\/api.w.org\/{rel}","templated":true}]}}