{"id":60408,"date":"2021-06-28T23:00:44","date_gmt":"2021-06-28T21:00:44","guid":{"rendered":"https:\/\/www.area-press.eu\/comunicatistampa\/?p=60408"},"modified":"2021-06-28T23:00:44","modified_gmt":"2021-06-28T21:00:44","slug":"terna-il-piano-green-del-gruppo-guidato-da-stefano-donnarumma-per-ridurre-le-emissioni","status":"publish","type":"post","link":"https:\/\/www.area-press.eu\/comunicatistampa\/2021\/06\/28\/terna-il-piano-green-del-gruppo-guidato-da-stefano-donnarumma-per-ridurre-le-emissioni\/","title":{"rendered":"Terna, il Piano green del Gruppo guidato da Stefano Donnarumma per ridurre le emissioni"},"content":{"rendered":"<p><em><strong>Terna, <a href=\"https:\/\/www.corriere.it\/pianeta2020\/21_giugno_04\/scienza-innovazione-motori-piano-green-terna-donnarumma-30percento-emissioni-2030-ad3da020-c560-11eb-86af-ac042f3197d2.shtml\" title=\"Stefano Donnarumma, riduzione dell\u2019impronta carbonica\">Stefano Donnarumma<\/a>: nel futuro ancora pi\u00f9 spazio per rinnovabili, taglio<\/strong> <strong>delle emissioni e iniziative di economia circolare.<\/strong><\/em><\/p>\n<p><a href=\"https:\/\/www.corriere.it\/pianeta2020\/21_giugno_04\/scienza-innovazione-motori-piano-green-terna-donnarumma-30percento-emissioni-2030-ad3da020-c560-11eb-86af-ac042f3197d2.shtml\" title=\"Stefano Donnarumma: il taglio delle emissioni\"><img decoding=\"async\" alt=\"Stefano Donnarumma\" src=\"https:\/\/www.economiaoggi.it\/wp-content\/uploads\/2020\/06\/Stefano-Donnarumma-690x550.jpg\" width=\"120\" \/><\/a><\/p>\n<h2>Stefano Donnarumma: sostenibilit\u00e0 tassello cruciale del Piano 2021-2025 di Terna<\/h2>\n<p>Da poco pi\u00f9 di un anno alla guida di Terna, <strong>Stefano Donnarumma<\/strong> ha fin da subito lavorato per trasformare il gestore della rete elettrica in uno dei protagonisti della transizione energetica nel Mediterraneo e in Europa. Un obiettivo raggiungibile mettendo al centro della strategia aziendale sostenibilit\u00e0 e innovazione. Nel Piano 2021-2025 promosso dall&#8217;AD e DG, degli 8,9 miliardi di investimenti previsti, il 95% \u00e8 di natura sostenibile secondo la Tassonomia europea. Recentemente, inoltre, il Gruppo ha dato il via ad un piano di riduzione delle emissioni: il prossimo traguardo, annunciato nella Giornata Mondiale dell&#8217;Ambiente, prevede infatti un taglio del 30% della CO2 entro il 2030. Grazie ad una collaborazione avviata con la societ\u00e0 di consulenza Carbonsink, specializzata nelle strategie di mitigazione del cambiamento climatico, ogni anno la il Gruppo guidato da <strong>Stefano Donnarumma<\/strong> sar\u00e0 in grado di abbattere di circa 460mila tonnellate l&#8217;anidride carbonica prodotta. L&#8217;AD e DG ha definito &quot;ambizioso&quot; il nuovo obiettivo di Terna: &quot;Abbiamo gi\u00e0 iniziato a lavorare su tutti i fattori produttivi e organizzativi: con il nostro Science-based target abbiamo fatto una promessa al pianeta, e la rispetteremo&quot;.<\/p>\n<h2>Stefano Donnarumma: scienza e innovazione fondamentali per la transizione<\/h2>\n<p>Il programma di riduzione dell&#8217;impronta carbonica di Terna promosso da <a href=\"https:\/\/www.corriere.it\/pianeta2020\/21_giugno_04\/scienza-innovazione-motori-piano-green-terna-donnarumma-30percento-emissioni-2030-ad3da020-c560-11eb-86af-ac042f3197d2.shtml\" title=\"Stefano Donnaumma: Terna rinnova l'impegno sull'ambiente\">Stefano Donnarumma<\/a> \u00e8 stato realizzato seguendo gli Science Based Target (SBT) stabiliti in occasione dell&#8217;Accordo di Parigi e prevede diversi step. Innanzitutto una forte accelerazione sugli investimenti per lo sviluppo della rete elettrica: lo scopo \u00e8 consentire la piena integrazione delle fonti di energia rinnovabile e ridurre le perdite di rete. Seguono poi attivit\u00e0 per l&#8217;efficientamento dei consumi elettrici ed energetici, il contenimento delle perdite di gas &quot;climalteranti&quot; utilizzati in alcuni impianti e infine il taglio delle emissioni della flotta aziendale e quelle legate alla mobilit\u00e0 dei dipendenti. Spazio anche all&#8217;economia circolare: il Gruppo guidato da <strong>Stefano Donnarumma<\/strong> ha annunciato diversi interventi di tutela e valorizzazione ambientale. Per la realizzazione del nuovo Piano green sar\u00e0 indispensabile continuare a investire anche sull&#8217;innovazione. Controllo da remoto, big data analytics, sensoristica, cos\u00ec come approccio Open Innovation e collaborazioni con start up: per Terna, digitalizzazione delle reti e transizione energetica continueranno infatti ad andare di pari passo.<\/p>\n","protected":false},"excerpt":{"rendered":"<p>Terna, Stefano Donnarumma: nel futuro ancora pi\u00f9 spazio per rinnovabili, taglio delle emissioni e iniziative di economia circolare. Stefano Donnarumma: sostenibilit\u00e0 tassello cruciale del Piano 2021-2025 di Terna Da poco pi\u00f9 di un anno alla guida di Terna, Stefano Donnarumma ha fin da subito lavorato per trasformare il gestore della rete elettrica in uno dei [&hellip;]<\/p>\n","protected":false},"author":3860,"featured_media":0,"comment_status":"open","ping_status":"open","sticky":false,"template":"","format":"standard","meta":{"footnotes":""},"categories":[7],"tags":[27722,17416],"class_list":["post-60408","post","type-post","status-publish","format-standard","hentry","category-economia-e-finanza","tag-stefano-donnarumma","tag-terna"],"_links":{"self":[{"href":"https:\/\/www.area-press.eu\/comunicatistampa\/wp-json\/wp\/v2\/posts\/60408","targetHints":{"allow":["GET"]}}],"collection":[{"href":"https:\/\/www.area-press.eu\/comunicatistampa\/wp-json\/wp\/v2\/posts"}],"about":[{"href":"https:\/\/www.area-press.eu\/comunicatistampa\/wp-json\/wp\/v2\/types\/post"}],"author":[{"embeddable":true,"href":"https:\/\/www.area-press.eu\/comunicatistampa\/wp-json\/wp\/v2\/users\/3860"}],"replies":[{"embeddable":true,"href":"https:\/\/www.area-press.eu\/comunicatistampa\/wp-json\/wp\/v2\/comments?post=60408"}],"version-history":[{"count":2,"href":"https:\/\/www.area-press.eu\/comunicatistampa\/wp-json\/wp\/v2\/posts\/60408\/revisions"}],"predecessor-version":[{"id":60420,"href":"https:\/\/www.area-press.eu\/comunicatistampa\/wp-json\/wp\/v2\/posts\/60408\/revisions\/60420"}],"wp:attachment":[{"href":"https:\/\/www.area-press.eu\/comunicatistampa\/wp-json\/wp\/v2\/media?parent=60408"}],"wp:term":[{"taxonomy":"category","embeddable":true,"href":"https:\/\/www.area-press.eu\/comunicatistampa\/wp-json\/wp\/v2\/categories?post=60408"},{"taxonomy":"post_tag","embeddable":true,"href":"https:\/\/www.area-press.eu\/comunicatistampa\/wp-json\/wp\/v2\/tags?post=60408"}],"curies":[{"name":"wp","href":"https:\/\/api.w.org\/{rel}","templated":true}]}}