{"id":60288,"date":"2021-06-21T12:03:38","date_gmt":"2021-06-21T10:03:38","guid":{"rendered":"https:\/\/www.area-press.eu\/comunicatistampa\/?p=60288"},"modified":"2021-10-22T17:49:59","modified_gmt":"2021-10-22T15:49:59","slug":"creer-el-manual-del-amor","status":"publish","type":"post","link":"https:\/\/www.area-press.eu\/comunicatistampa\/2021\/06\/21\/creer-el-manual-del-amor\/","title":{"rendered":"Creer, El manual del amor"},"content":{"rendered":"<p style=\"text-align: center\"><i>fuori il nuovo singolo del cantautore\u00a0<\/i><\/p>\n<p><img loading=\"lazy\" decoding=\"async\" class=\"aligncenter\" src=\"https:\/\/www.joyfreepress.com\/wp-content\/uploads\/2021\/06\/Cover-Creer.jpg\" width=\"415\" height=\"415\" \/><\/p>\n<p>Dopo il successo di &#8216;Bar Duomo&#8217;, <b>Creer<\/b> torna ad imporsi sul panorama musicale con un nuovo singolo che ha tutte le carte in regola per diventare la hit dell&#8217;estate.<\/p>\n<p>Un viaggio, una festa, un incontro indelebile. Sono questi gli ingredienti che caratterizzano il nuovo singolo di Creer online su tutti i digital store. L&#8217;artista reggino, che lo scorso aprile ha pubblicato il suo primo lavoro musicale, \u00e8 tornato ad imporsi sulla scena con una canzone che ha tutte le carte in regole per diventare la nuova hit dell&#8217;estate: &#8220;El manual del amor&#8221;.<\/p>\n<p>&#8220;<b>El manual del amor&#8221; il nuovo singolo<\/b>:<\/p>\n<p>&#8220;<i>Sono lieto di annunciare il mio nuovo singolo estivo prodotto da Filippo Canale (FCM) in collaborazione con Manuel Nucera (Name) e Greta Campolo<\/i>\u201d.<\/p>\n<p>&#8220;El manual del amor&#8221; nasce in pochi mesi, subito dopo l&#8217;uscita del primo singolo che ha permesso a Creer di farsi conoscere in citt\u00e0 per il suo talento musicale. La canzone prende ispirazione da un viaggio a Malaga nel 2019, prima del Covid, prima della pandemia, prima della rivoluzione che ha investito il mondo intero.<\/p>\n<p>&#8220;El manual del amor&#8221; \u00e8 un inno all&#8217;amore, all&#8217;estate, alla spensieratezza. L&#8217;idea \u00e8 nata dall&#8217;incontro del cantautore con Isabelle durante la Feria de Malaga, non a caso il brano \u00e8 in spagnolo.\u00a0 Durante la festa, che commemora la presa delle citt\u00e0 da parte dei Re cattolici, che si svolge nel mese di agosto, nella citt\u00e0 spagnola vengono organizzati spettacoli, parate. \u00c8 all&#8217;interno di questa bolla di divertimento che avviene l&#8217;incontro narrato nelle strofe dell&#8217;ultimo singolo di Creer.<\/p>\n<p>Un ritmo intrigante e travolgente, un mix di stili tra raggaeton e kizomba connubio perfetto per l&#8217;estate ormai alle porte. La nuova canzone sar\u00e0 accompagnata anche da un videoclip musicale con la partecipazione di Manuel Nucera in arte \u201cName\u201d &#8211; Cantante, Greta Campolo &#8211; Cantante, Vanessa Millez &#8211; Attrice, Domenico Martino e Camila Gasparini nel ruolo di ballerini.<br \/>\nPer la realizzazione del video sono stati scelti luoghi simbolo della citt\u00e0 di Reggio Calabria e della sua provincia.<\/p>\n<p><b>Creer<\/b> \u00e8 il nome d&#8217;arte di Domenico Giunta. Si tratta di una parola spagnola che tradotta in italiano vuol dire &#8220;Credere&#8221;. Credere nella forza delle proprie ambizioni e delle proprie capacit\u00e0. Credere anche che nulla accade per caso, come negli incontri narrati nelle sue canzoni.<br \/>\nIl giovane reggino non \u00e8 solo cantante, ma anche autore dei suoi pezzi:<br \/>\n&#8220;Nei miei testi parlo di esperienze personali. Racconto ci\u00f2 che ho vissuto sulla mia pelle e cos\u00ec scrivo la mia storia sopra ogni nota&#8221;.<\/p>\n<p>Contatti social<br \/>\n<a href=\"https:\/\/www.facebook.com\/CreerOfficialMusic\">https:\/\/www.facebook.com\/CreerOfficialMusic<\/a><br \/>\n<a href=\"https:\/\/www.instagram.com\/creer_officialmusic\">https:\/\/www.instagram.com\/creer_officialmusic<\/a><\/p>\n<p><b>Isabel Zolli Promotion Agency<br \/>\n<\/b>Sede Operativa: via Simone De Saint Bon 47 \u2013 Roma<\/p>\n","protected":false},"excerpt":{"rendered":"<p>fuori il nuovo singolo del cantautore\u00a0 Dopo il successo di &#8216;Bar Duomo&#8217;, Creer torna ad imporsi sul panorama musicale con un nuovo singolo che ha tutte le carte in regola per diventare la hit dell&#8217;estate. Un viaggio, una festa, un incontro indelebile. Sono questi gli ingredienti che caratterizzano il nuovo singolo di Creer online su [&hellip;]<\/p>\n","protected":false},"author":331,"featured_media":0,"comment_status":"open","ping_status":"open","sticky":false,"template":"","format":"standard","meta":{"footnotes":""},"categories":[12],"tags":[30367,54,723,2365],"class_list":["post-60288","post","type-post","status-publish","format-standard","hentry","category-musica","tag-creer","tag-estate","tag-news","tag-singolo"],"_links":{"self":[{"href":"https:\/\/www.area-press.eu\/comunicatistampa\/wp-json\/wp\/v2\/posts\/60288","targetHints":{"allow":["GET"]}}],"collection":[{"href":"https:\/\/www.area-press.eu\/comunicatistampa\/wp-json\/wp\/v2\/posts"}],"about":[{"href":"https:\/\/www.area-press.eu\/comunicatistampa\/wp-json\/wp\/v2\/types\/post"}],"author":[{"embeddable":true,"href":"https:\/\/www.area-press.eu\/comunicatistampa\/wp-json\/wp\/v2\/users\/331"}],"replies":[{"embeddable":true,"href":"https:\/\/www.area-press.eu\/comunicatistampa\/wp-json\/wp\/v2\/comments?post=60288"}],"version-history":[{"count":1,"href":"https:\/\/www.area-press.eu\/comunicatistampa\/wp-json\/wp\/v2\/posts\/60288\/revisions"}],"predecessor-version":[{"id":60289,"href":"https:\/\/www.area-press.eu\/comunicatistampa\/wp-json\/wp\/v2\/posts\/60288\/revisions\/60289"}],"wp:attachment":[{"href":"https:\/\/www.area-press.eu\/comunicatistampa\/wp-json\/wp\/v2\/media?parent=60288"}],"wp:term":[{"taxonomy":"category","embeddable":true,"href":"https:\/\/www.area-press.eu\/comunicatistampa\/wp-json\/wp\/v2\/categories?post=60288"},{"taxonomy":"post_tag","embeddable":true,"href":"https:\/\/www.area-press.eu\/comunicatistampa\/wp-json\/wp\/v2\/tags?post=60288"}],"curies":[{"name":"wp","href":"https:\/\/api.w.org\/{rel}","templated":true}]}}