{"id":602,"date":"2015-07-27T14:18:46","date_gmt":"2015-07-27T12:18:46","guid":{"rendered":"http:\/\/www.area-press.eu\/comunicatistampa\/?p=602"},"modified":"2015-07-27T14:18:46","modified_gmt":"2015-07-27T12:18:46","slug":"grottaglie-ai-nastri-di-partenza-la-sesta-edizione-di-vino-e-musica","status":"publish","type":"post","link":"https:\/\/www.area-press.eu\/comunicatistampa\/2015\/07\/27\/grottaglie-ai-nastri-di-partenza-la-sesta-edizione-di-vino-e-musica\/","title":{"rendered":"Grottaglie: ai nastri di partenza la sesta edizione di Vino \u00e8 Musica"},"content":{"rendered":"<p style=\"text-align: center\"><strong>Grottaglie: ai nastri di partenza la sesta edizione di Vino \u00e8 Musica<\/strong><br \/>\n<strong>Il 30 e 31 luglio nell\u2019antico quartiere delle ceramiche appuntamento imperdibile per i Puglia Lovers<\/strong><br \/>\n<strong>150 etichette di vino ambasciatrici del \u201cbuono\u201d di Puglia<\/strong><\/p>\n<p style=\"text-align: left\">Quaranta cantine dalla Daunia al Salento, 150 etichette di vino per degustazioni itineranti tra vicoli, slarghi, n\u2019chiosce e botteghe dell\u2019antico quartiere delle ceramiche, quattro laboratori del gusto con ONAV, AIS, Slow Wine e Slow Food e l\u2019esperta di biologico e naturale Maria Teresa Bilancia, 16 postazioni con le migliori proposte della nouvelle vague del panorama musicale pugliese, 7 zone dedicate al food con cucina di strada, due mostre di alto livello legate alla terra con \u201cLa Ceramica nell\u2019architettura\u201d all\u2019interno di Casa Vestita e i mondi paralleli di \u201cMultiverso\u201d (artisti Sarah Cirac\u00ec e Renato Galante) nella vecchia fabbrica di ceramiche di Piazzetta Santa Sofia. E non solo. Esposizioni di fotografia, illustrazioni, pittura, artigianato e il concerto straordinario degli Opa Cupa: la band-banda che trasforma il mediterraneo in una proposta musicale travolgente e suggestiva.<\/p>\n<p>E\u2019 questo il Bignami della rassegna enogastronomica e culturale di Vino \u00e8 Musica che il 30 e il 31 luglio animer\u00e0 per la sesta volta consecutiva l\u2019antico quartiere delle ceramiche di Grottaglie.<br \/>\nProtagonista assoluto, \u00e8 facile intuirlo dal nome dell\u2019iniziativa, sar\u00e0 il Vino che \u201c\u00e8\u201d musica proprio grazie alle atmosfere che questa kermesse di rilievo riesce a creare ogni anno e grazie anche al pubblico di turisti, wine lovers e appassionati che ogni anno ne decreta il successo.<br \/>\nAppuntamento imperdibile, dunque, per i Puglia Lovers.<br \/>\nIl Vino autoctono con le sfumature che variano dal Primitivo al Nero di Troia passando per i colori dei rosati e dei bianchi di Puglia che sempre pi\u00f9 vanno ad affermarsi sui mercati nazionali ed esteri.<\/p>\n<p>Una vetrina straordinaria per Cantine che scelgono Vino \u00e8 Musica anche come occasione di test e confronto diretto con il pubblico-consumatore, che munito di sacca, calice e mappa \u00e8 condotto lungo un itinerario che gli consente di assaporare tutta la Puglia in un calice.<\/p>\n<p>Verso la scoperta dei vini pugliesi i visitatori potranno anche scegliere di essere guidati, da ciceroni di tutto rispetto. I laboratori del Gusto di Vino \u00e8 Musica, infatti, contano sull\u2019esperienza e i buoni consigli dell\u2019ONAV (Organizzazionale Nazionale Assagiatori Vino), che proporr\u00e0 il viaggio nel mondo delle bollicine pugliesi, dall\u2019AIS (Associazione Italiana Sommelier), che prender\u00e0 per mano chi vorr\u00e0 approfondire le proprie conoscenze e abilit\u00e0 nelle tecniche di degustazione, di Slow Wine e Slow Food, sacerdoti del mangiare e del bere sano con percorsi di abbinamento tra vino e cibo, e dalla professoressa Maria Teresa Bilancia, docente nei corsi per assaggiatore di vino dell\u2019ONAV, laureata in Scienze e tecnologie alimentari, che guider\u00e0 verso la scoperta dei vini biologici e naturali.<\/p>\n<p>I qualificati laboratori si terranno nella due giorni della rassegna (30-31 luglio) a partire dalle 21.00 in altrettanto qualificati luoghi della storia e della cultura locale: la Casa Museo Vestita, la Terrazza Nardina della bottega di Ceramiche Keramos, il cortile della bottega delle Ceramiche Pinca e la terrazza della Bottega di Eligio Bonfrate.<br \/>\nOriginale anche il percorso offerto dalla guida di Daniele De Michele, al secolo Don Pasta. Un tour estroso e musicale tra vini e brani pop e rock del panorama musicale internazionale.<\/p>\n<p>La rassegna Vino \u00e8 Musica \u00e8 ecofriendly grazie alla richiesta della certificazione volontaria \u201cEcofesta Puglia\u201d, unica in Italia a intervenire negli eventi per ridurne l&#8217;impatto ambientale e co-finanziata dal Ministero dell&#8217;Istruzione, dell&#8217;Universit\u00e0 e della Ricerca grazie al bando Smart Cities and Communities and Social Innovation.<\/p>\n<p>Vino, cibo, arte e musica. Il 30 e il 31 luglio si potr\u00e0 degustare a Grottaglie tutta la Puglia in un calice.<\/p>\n<p>Il programma completo \u00e8 consultabile sul sito <a href=\"http:\/\/www.vinoemusica.it\">www.vinoemusica.it<\/a><\/p>\n","protected":false},"excerpt":{"rendered":"<p>Grottaglie: ai nastri di partenza la sesta edizione di Vino \u00e8 Musica Il 30 e 31 luglio nell\u2019antico quartiere delle ceramiche appuntamento imperdibile per i Puglia Lovers 150 etichette di vino ambasciatrici del \u201cbuono\u201d di Puglia Quaranta cantine dalla Daunia al Salento, 150 etichette di vino per degustazioni itineranti tra vicoli, slarghi, n\u2019chiosce e botteghe [&hellip;]<\/p>\n","protected":false},"author":85,"featured_media":0,"comment_status":"open","ping_status":"open","sticky":false,"template":"","format":"standard","meta":{"footnotes":""},"categories":[3,8,9,12,17],"tags":[],"class_list":["post-602","post","type-post","status-publish","format-standard","hentry","category-arte-e-cultura","category-eventi","category-gastronomia","category-musica","category-turismo"],"_links":{"self":[{"href":"https:\/\/www.area-press.eu\/comunicatistampa\/wp-json\/wp\/v2\/posts\/602","targetHints":{"allow":["GET"]}}],"collection":[{"href":"https:\/\/www.area-press.eu\/comunicatistampa\/wp-json\/wp\/v2\/posts"}],"about":[{"href":"https:\/\/www.area-press.eu\/comunicatistampa\/wp-json\/wp\/v2\/types\/post"}],"author":[{"embeddable":true,"href":"https:\/\/www.area-press.eu\/comunicatistampa\/wp-json\/wp\/v2\/users\/85"}],"replies":[{"embeddable":true,"href":"https:\/\/www.area-press.eu\/comunicatistampa\/wp-json\/wp\/v2\/comments?post=602"}],"version-history":[{"count":1,"href":"https:\/\/www.area-press.eu\/comunicatistampa\/wp-json\/wp\/v2\/posts\/602\/revisions"}],"predecessor-version":[{"id":635,"href":"https:\/\/www.area-press.eu\/comunicatistampa\/wp-json\/wp\/v2\/posts\/602\/revisions\/635"}],"wp:attachment":[{"href":"https:\/\/www.area-press.eu\/comunicatistampa\/wp-json\/wp\/v2\/media?parent=602"}],"wp:term":[{"taxonomy":"category","embeddable":true,"href":"https:\/\/www.area-press.eu\/comunicatistampa\/wp-json\/wp\/v2\/categories?post=602"},{"taxonomy":"post_tag","embeddable":true,"href":"https:\/\/www.area-press.eu\/comunicatistampa\/wp-json\/wp\/v2\/tags?post=602"}],"curies":[{"name":"wp","href":"https:\/\/api.w.org\/{rel}","templated":true}]}}