{"id":59995,"date":"2021-06-10T14:21:33","date_gmt":"2021-06-10T12:21:33","guid":{"rendered":"https:\/\/www.area-press.eu\/comunicatistampa\/?p=59995"},"modified":"2021-06-10T14:21:33","modified_gmt":"2021-06-10T12:21:33","slug":"procter-gamble-lancia-in-italia-la-tua-bonta-e-la-tua-grandezza-un-inno-allinclusione-e-alla-solidarieta-in-occasione-dei-giochi-di-tokyo-2021","status":"publish","type":"post","link":"https:\/\/www.area-press.eu\/comunicatistampa\/2021\/06\/10\/procter-gamble-lancia-in-italia-la-tua-bonta-e-la-tua-grandezza-un-inno-allinclusione-e-alla-solidarieta-in-occasione-dei-giochi-di-tokyo-2021\/","title":{"rendered":"PROCTER &amp; GAMBLE lancia in Italia \u201cLa tua bont\u00e0 \u00e8 la tua grandezza\u201d un inno all&#8217;inclusione e alla solidariet\u00e0 in occasione dei giochi di Tokyo 2021"},"content":{"rendered":"<p>Era il 2010 quando <b>Procter &amp; Gamble<\/b> diventava partner del Comitato Olimpico Internazionale, dando avvio, in occasione dei Giochi Olimpici di Londra del 2012, a una campagna che negli anni avrebbe emozionato milioni di persone in tutto il mondo: \u201c<b>Grazie di cuore, Mamma<\/b>\u201d. Oggi, a poco meno di 50 giorni dalla <b>XXXII Olimpiade<\/b> ospitata a <b>Tokyo <\/b>dal 23 luglio, P&amp;G lancia in Italia il nuovo filmato <b>\u201c<a>La tua bont\u00e0 \u00e8 la tua grandezza<\/a>\u201d<\/b>, che inaugura, con un potente messaggio di inclusione e solidariet\u00e0, un nuovo decennio al fianco del Comitato Olimpico Internazionale.<\/p>\n<p><i>\u00abNegli ultimi dieci anni, siamo stati orgogliosi e onorati di raccontare le storie di atleti straordinari e delle famiglie che li hanno supportati nel viaggio verso il raggiungimento dei loro sogni olimpici e paralimpici<\/i> &#8211; ha affermato <b>Marc Pritchard, Chief Brand Officer di P&amp;G<\/b>. <i>Quando quei sogni sono stati sospesi nel 2020, ci ha sorpreso positivamente ed ispirato vedere alcuni di loro andare oltre la delusione, mettendosi a disposizione per aiutare gli altri e le loro comunit\u00e0. Prestando tempo, talento e risorse per aiutare chi ha pi\u00f9 bisogno, gli atleti dimostrano che la loro bont\u00e0 \u00e8 la loro grandezza\u00bb<\/i>.<\/p>\n<p>Ed ecco quindi che il <b>video \u201cLa tua bont\u00e0 \u00e8 la tua grandezza\u201c<\/b> (<a href=\"https:\/\/youtu.be\/VpodPqLNBNE\" target=\"_blank\" rel=\"noopener\">https:\/\/youtu.be\/VpodPqLNBNE<\/a>) da oggi diffuso anche nel nostro Paese, concentra in 60 secondi immagini ed emozioni che raccontano quella <b>grandezza sportiva e umana<\/b> di atleti olimpici e paralimpici come Allyson Felix (USA), atletica leggera, sei volte medaglia d&#8217;oro; Elena Delle Donne (USA), basket, medaglia d&#8217;oro; Shingo Kunieda (Giappone), tennis in carrozzina, due volte medaglia d&#8217;oro, che, dentro e fuori la competizione, hanno promosso i valori dello sport, dell\u2019uguaglianza e dell\u2019inclusione, attraverso piccoli gesti, come una mano tesa all\u2019avversario a terra, fino al coinvolgimento in prima persona nelle grandi battaglie <b>per un mondo pi\u00f9 giusto, equo e sostenibile<\/b>.<\/p>\n<p>Proprio la volont\u00e0 di <b>fare una differenza positiva e tangibile nella comunit\u00e0<\/b> muove le azioni di Procter &amp; Gamble a livello globale con <b>\u201cLead with Love\u201d<\/b>, la campagna con cui si \u00e8 impegnata a compiere, entro l\u2019anno, 2021 azioni per il bene. Iniziativa che in Italia l\u2019azienda promuove con il programma di cittadinanza d\u2019impresa <b>\u201cP&amp;G per l\u2019Italia\u201d<\/b>, con cui realizzer\u00e0 nei prossimi anni <b>progetti di sostenibilit\u00e0 ambientale e sociale in tutto il Paese<\/b>.<\/p>\n<p>Con questa nuova campagna, P&amp;G coglie quindi la grande occasione dei Giochi e del loro enorme potere di unire il mondo attraverso lo sport per lanciare un messaggio di positivit\u00e0 e unione, <b>riconfermando il suo impegno concreto a fare sempre di pi\u00f9 per le persone e per l\u2019ambiente<\/b>.<\/p>\n<p><i>\u00abL\u2019unione tra P&amp;G e il movimento Olimpico nasce da un desiderio comune: costruire un mondo migliore. Con i nostri marchi ci prendiamo cura delle persone di tutto il mondo accompagnandole giorno dopo giorno in una quotidianit\u00e0 fatta di impegni e sacrifici. La stessa che contraddistingue il percorso di un atleta e della sua famiglia, che per dieci anni abbiamo celebrato con \u201cGrazie di cuore, mamma\u201d <\/i>\u2013 commenta <b>Marco Luchini, Vice Presidente Brand Operations di P&amp;G Italia<\/b>.<i>Oggi, con \u201c<\/i><b>La tua bont\u00e0 \u00e8 la tua grandezza<\/b><i>\u201d, ribadiamo un messaggio per noi fondamentale: \u00e8 la bont\u00e0 e quindi l\u2019altruismo e l\u2019attenzione verso le persone e il pianeta ad essere la vera grandezza. Dai grandi progetti globali fino alla pi\u00f9 piccola innovazione nei nostri prodotti, vogliamo agire in modo responsabile, inclusivo e sostenibile ed essere un esempio per i milioni di famiglie nelle cui case entriamo ogni giorno con i prodotti e le pubbliciti\u00e0 dei nostri marchi. Stiamo lavorando ad iniziative specifiche per le comunit\u00e0, l\u2019ambiente e per promuovere l\u2019inclusione. Avremo anche una testimonial il cui nome sveleremo a fine giugno\u00bb.\u00a0<\/i><\/p>\n<p>L\u2019azienda sta gi\u00e0 infatti lavorando a diverse iniziative che coinvolgono e coinvolgeranno le maggiori insegne a livello nazionale per la realizzazione di progetti di responsabilit\u00e0 sociale e sostenibilit\u00e0 ambientale in tutta Italia.<\/p>\n<p>&nbsp;<\/p>\n<p><b>Procter &amp; Gamble\u00a0<\/b><\/p>\n<p><i>I prodotti P&amp;G sono utilizzati da quasi 5 miliardi di persone al mondo. La Procter &amp; Gamble possiede uno dei pi\u00f9 importanti portafogli di marchi di qualit\u00e0 tra i quali: Dash\u00ae, Fairy\u00ae, Lenor\u00ae, Mastro Lindo\u00ae, Swiffer\u00ae, Viakal\u00ae, AZ\u00ae, Kukident\u00ae, Oral B\u00ae, Olaz\u00ae, Pantene\u00ae, Head&amp;Shoulders\u00ae, Gillette\u00ae, Venus\u00ae, Braun\u00ae. P&amp;G opera in 70 paesi nel mondo e in Italia \u00e8 presente dal 1956. Per maggiori informazioni visita il sito<\/i><span lang=\"EN-US\"><a href=\"http:\/\/www.pg.com\/it_IT\" target=\"_blank\" rel=\"noopener\"><i><span lang=\"IT\">www.pg.com\/it_IT<\/span><\/i><\/a><\/span><i> <\/i><i>e segui gli account Facebook, Linkedin, Youtube<\/i><\/p>\n","protected":false},"excerpt":{"rendered":"<p>Era il 2010 quando Procter &amp; Gamble diventava partner del Comitato Olimpico Internazionale, dando avvio, in occasione dei Giochi Olimpici di Londra del 2012, a una campagna che negli anni avrebbe emozionato milioni di persone in tutto il mondo: \u201cGrazie di cuore, Mamma\u201d. Oggi, a poco meno di 50 giorni dalla XXXII Olimpiade ospitata a [&hellip;]<\/p>\n","protected":false},"author":4145,"featured_media":0,"comment_status":"open","ping_status":"open","sticky":false,"template":"","format":"standard","meta":{"footnotes":""},"categories":[29,8],"tags":[30275,12157,24126],"class_list":["post-59995","post","type-post","status-publish","format-standard","hentry","category-comunicati","category-eventi","tag-olimpidi","tag-pg","tag-tokyo"],"_links":{"self":[{"href":"https:\/\/www.area-press.eu\/comunicatistampa\/wp-json\/wp\/v2\/posts\/59995","targetHints":{"allow":["GET"]}}],"collection":[{"href":"https:\/\/www.area-press.eu\/comunicatistampa\/wp-json\/wp\/v2\/posts"}],"about":[{"href":"https:\/\/www.area-press.eu\/comunicatistampa\/wp-json\/wp\/v2\/types\/post"}],"author":[{"embeddable":true,"href":"https:\/\/www.area-press.eu\/comunicatistampa\/wp-json\/wp\/v2\/users\/4145"}],"replies":[{"embeddable":true,"href":"https:\/\/www.area-press.eu\/comunicatistampa\/wp-json\/wp\/v2\/comments?post=59995"}],"version-history":[{"count":1,"href":"https:\/\/www.area-press.eu\/comunicatistampa\/wp-json\/wp\/v2\/posts\/59995\/revisions"}],"predecessor-version":[{"id":59996,"href":"https:\/\/www.area-press.eu\/comunicatistampa\/wp-json\/wp\/v2\/posts\/59995\/revisions\/59996"}],"wp:attachment":[{"href":"https:\/\/www.area-press.eu\/comunicatistampa\/wp-json\/wp\/v2\/media?parent=59995"}],"wp:term":[{"taxonomy":"category","embeddable":true,"href":"https:\/\/www.area-press.eu\/comunicatistampa\/wp-json\/wp\/v2\/categories?post=59995"},{"taxonomy":"post_tag","embeddable":true,"href":"https:\/\/www.area-press.eu\/comunicatistampa\/wp-json\/wp\/v2\/tags?post=59995"}],"curies":[{"name":"wp","href":"https:\/\/api.w.org\/{rel}","templated":true}]}}