{"id":59815,"date":"2021-06-04T11:21:12","date_gmt":"2021-06-04T09:21:12","guid":{"rendered":"https:\/\/www.area-press.eu\/comunicatistampa\/?p=59815"},"modified":"2021-06-04T11:21:12","modified_gmt":"2021-06-04T09:21:12","slug":"auto-elettriche-quali-sono-i-modelli-piu-venduti-in-italia","status":"publish","type":"post","link":"https:\/\/www.area-press.eu\/comunicatistampa\/2021\/06\/04\/auto-elettriche-quali-sono-i-modelli-piu-venduti-in-italia\/","title":{"rendered":"Auto elettriche, Quali Sono i Modelli pi\u00f9 Venduti in Italia"},"content":{"rendered":"<p>Le auto elettriche sembrano essere ormai il futuro prossimo della mobilit\u00e0, anche se la completa sostituzione del parco auto circolante sembra un impresa che richieder\u00e0 ancora molto tempo.<br \/>\nNei primi mesi del 2021 le vendite di auto elettriche in italia hanno superato quelle delle auto a metano con pi\u00f9 di 13 mila auto elettriche.<br \/>\nRispetto alle auto a motore normale le vendite sono ancora ben poca cosa ma \u00e8 indubbio che rispetto agli anni precedenti la crescita deve essere considerata esponenziale.<br \/>\nAnalizzando gli attuali trend di vendita salta all&#8217;occhio che la maggioranza delle auto elettriche vendute sono da attribuire al settore dei veicoli da citt\u00e0 per le ridotte dimensioni.<br \/>\nTra le case automobilistiche che hanno venduto pi\u00f9 auto ci sono due marchi francesi Peugeot e Renault che piazzano due modelli nella top ten.<br \/>\nPer il resto troviamo Volkswagen, Hyundai, Opel, Tesla, in testa a questa classifica due modelli; la Smart EQ del gruppo Mercedes e la Fiat 500.<br \/>\nQueste sono le auto elettriche che stanno facendo da apri pista al Great Reset che la nomenclatura politica internazionale ha tanto pubblicizzato.<br \/>\nIn realt\u00e0 per avere un vero cambiamento sono necessarie infrastrutture su tutto il circuito stradale che permetta di poter riparare le auto con il settore della auto officina e della <a title=\"carrozzeria Firenze\" href=\"https:\/\/www.carrozzeriapignone.it\">carrozzeria Firenze<\/a> e ogni citt\u00e0 che dovranno adeguarsi al cambiamento.<br \/>\nUno dei punti essenziali per il settore della manutenzione e della riparazione dei veicoli con batterie \u00e8 quello della sicurezza degli operatori.<br \/>\nIl personale di auto officine e carrozzerie dovr\u00e0 essere debitamente preparato ed aggiornato sia sulla sicurezza che sulle competenze tecniche.<br \/>\nUn altro punto perch\u00e9 le auto elettriche possano davvero portare una diminuzione delle emissioni nocive \u00e8 la decarbonizzazione a monte del circuito di distribuzione elettrica per le colonnine.<br \/>\nAttualmente questo \u00e8 il punto pi\u00f9 complesso da ottenere a causa della difficolt\u00e0 di governi come quello italiano di essere capace di programmare e portare a termine infrastrutture cos\u00ec importanti.<br \/>\nUn punto determinante perch\u00e9 il Great Reset tanto sponsorizzato dalla elite internazionale possa davvero avere un senso per una reale diminuzione dell&#8217;impatto ambientale.<\/p>\n","protected":false},"excerpt":{"rendered":"<p>Le auto elettriche sembrano essere ormai il futuro prossimo della mobilit\u00e0, anche se la completa sostituzione del parco auto circolante sembra un impresa che richieder\u00e0 ancora molto tempo. Nei primi mesi del 2021 le vendite di auto elettriche in italia hanno superato quelle delle auto a metano con pi\u00f9 di 13 mila auto elettriche. Rispetto [&hellip;]<\/p>\n","protected":false},"author":6880,"featured_media":0,"comment_status":"open","ping_status":"open","sticky":false,"template":"","format":"standard","meta":{"footnotes":""},"categories":[4],"tags":[2527,5232,30250,30249,29012,12385,30248],"class_list":["post-59815","post","type-post","status-publish","format-standard","hentry","category-attualita-e-societa","tag-auto","tag-auto-elettriche","tag-auto-officina","tag-carrozzeria","tag-elettriche","tag-veicoli","tag-vendite-di-auto"],"_links":{"self":[{"href":"https:\/\/www.area-press.eu\/comunicatistampa\/wp-json\/wp\/v2\/posts\/59815","targetHints":{"allow":["GET"]}}],"collection":[{"href":"https:\/\/www.area-press.eu\/comunicatistampa\/wp-json\/wp\/v2\/posts"}],"about":[{"href":"https:\/\/www.area-press.eu\/comunicatistampa\/wp-json\/wp\/v2\/types\/post"}],"author":[{"embeddable":true,"href":"https:\/\/www.area-press.eu\/comunicatistampa\/wp-json\/wp\/v2\/users\/6880"}],"replies":[{"embeddable":true,"href":"https:\/\/www.area-press.eu\/comunicatistampa\/wp-json\/wp\/v2\/comments?post=59815"}],"version-history":[{"count":1,"href":"https:\/\/www.area-press.eu\/comunicatistampa\/wp-json\/wp\/v2\/posts\/59815\/revisions"}],"predecessor-version":[{"id":59816,"href":"https:\/\/www.area-press.eu\/comunicatistampa\/wp-json\/wp\/v2\/posts\/59815\/revisions\/59816"}],"wp:attachment":[{"href":"https:\/\/www.area-press.eu\/comunicatistampa\/wp-json\/wp\/v2\/media?parent=59815"}],"wp:term":[{"taxonomy":"category","embeddable":true,"href":"https:\/\/www.area-press.eu\/comunicatistampa\/wp-json\/wp\/v2\/categories?post=59815"},{"taxonomy":"post_tag","embeddable":true,"href":"https:\/\/www.area-press.eu\/comunicatistampa\/wp-json\/wp\/v2\/tags?post=59815"}],"curies":[{"name":"wp","href":"https:\/\/api.w.org\/{rel}","templated":true}]}}