{"id":5955,"date":"2016-02-06T14:25:55","date_gmt":"2016-02-06T13:25:55","guid":{"rendered":"http:\/\/www.area-press.eu\/comunicatistampa\/?p=5955"},"modified":"2016-02-06T14:25:55","modified_gmt":"2016-02-06T13:25:55","slug":"zero-wind-show-e-larte-di-andare-in-bicicletta-all-in-acsi-fra-gli-scenari-piu-suggestivi-ditalia","status":"publish","type":"post","link":"https:\/\/www.area-press.eu\/comunicatistampa\/2016\/02\/06\/zero-wind-show-e-larte-di-andare-in-bicicletta-all-in-acsi-fra-gli-scenari-piu-suggestivi-ditalia\/","title":{"rendered":"ZERO WIND SHOW E L\u2019ARTE DI ANDARE IN BICICLETTA, ALL-IN ACSI FRA GLI SCENARI PI\u00d9 SUGGESTIVI D\u2019ITALIA"},"content":{"rendered":"<p>1000 km e 16000 metri di dislivello saranno l\u2019essenza del circuito<\/p>\n<p>L\u2019originale Zero Wind Show partir\u00e0 il 28 marzo con la GF Davide Cassani<\/p>\n<p>Emiliano Borgna di ACSI e Giorgio De Gara di Zero Wind raccontano Zero Wind Show<\/p>\n<p>ACSI Ciclismo partner ufficiale di tutte le competizioni<\/p>\n<p>&nbsp;<\/p>\n<p>&nbsp;<\/p>\n<p>1000 km e 16000 metri di dislivello costituiranno l\u2019essenza dell\u2019innovativo Zero Wind Show \u2013 il circuito che premia la passione, un nuovo modo di vivere ed intendere la bicicletta, un format \u201cno stress\u201d privo di posizionamenti in griglia o tensioni di sorta, realizzato ad arte per esaltare le bellezze d\u2019Italia, fra la storia, la cultura e le particolarit\u00e0 territoriali di alcune fra le localit\u00e0 pi\u00f9 apprezzate del pianeta, il tutto condito dalla \u201csupervisione\u201d di ACSI Ciclismo. Un\u2019opportunit\u00e0 unica per i cicloamatori, che vedranno lo start delle competizioni il 28 marzo a Faenza in occasione della Granfondo Davide Cassani.<\/p>\n<p>A parlare del via alle danze oramai prossimo di Zero Wind Show \u00e8 il responsabile nazionale di ACSI Ciclismo Emiliano Borgna, un ente che nel 2015 ha potuto vantare ben 45.000 affiliati e 1800 societ\u00e0: \u201cSiamo orgogliosi di rappresentare tutte le manifestazioni del circuito e del fatto che si organizzino sotto la nostra egida, si tratta di alcune fra le pi\u00f9 importanti gare nazionali che vanno a valorizzare la tipicit\u00e0 del territorio, un\u2019iniziativa unica nel suo genere, la nostra mission \u00e8 lo sport come fattore aggregante\u201d.<\/p>\n<p>Non molto differente il parere del manager Zero Wind Giorgio De Gara: \u201cIl nostro intento con Zero Wind Show \u00e8 essere vicino alla passione della gente per questo sport, in un progetto che non va a premiare unicamente la partecipazione del singolo, bens\u00ec a valorizzare il concetto di squadra e dello stare assieme. Stiamo percorrendo un trend che segue la voglia di randonn\u00e9e che riducano gli imprevisti caratterizzati da un\u2019eccessiva foga nelle gare ed a favorire il benessere di una sana attivit\u00e0 agonistica all\u2019aria aperta\u201d.<\/p>\n<p>La \u201cclassicissima d&#8217;apertura\u201d di Zero Wind Show sar\u00e0 la Gran Fondo Davide Cassani, tappa iniziale del circuito che bagner\u00e0 l\u2019inizio di stagione del ciclismo amatoriale. Una manifestazione cresciuta negli anni con l\u2019intento di sviluppare nei ragazzi la passione per le due ruote, creando una base per i vivai nei quali i giovani possano crescere ed affermarsi successivamente come atleti.<\/p>\n<p>Dai Colli Berici della Granfondo Liotto del 10 aprile, alle spettacolari cime dolomitiche di Fiemme e Fassa della Marcialonga Cycling Craft del 12 giugno, ogni tipo di scenario panoramico animer\u00e0 le vicende degli atleti e le manifestazioni valevoli per il Campionato Nazionale ACSI, un ente di promozione sportiva capace di regalare agli appassionati del pedale oltre 1500 eventi annuali di assoluto prestigio, mettendo in luce l\u2019importanza dello sport e gli splendori naturali e paesaggistici del territorio italiano.<\/p>\n<p>Info: <a href=\"http:\/\/www.zerowindshow.com\/\">www.zerowindshow.com<\/a><\/p>\n<p>&nbsp;<\/p>\n<p>&nbsp;<\/p>\n<p><strong>Calendario 2016<\/strong><\/p>\n<p>&nbsp;<\/p>\n<p>GRAN FONDO DAVIDE CASSANI &#8211; 28 marzo 2016<\/p>\n<p>GRANFONDO SELLE ITALIA &#8211; 3 aprile 2016<\/p>\n<p>GRANFONDO LIOTTO &#8211; 10 aprile 2016<\/p>\n<p>COLNAGO CYCLING FESTIVAL &#8211; 8 maggio 2016<\/p>\n<p>GRANFONDO DEGLI SQUALI &#8211; 15 maggio 2016<\/p>\n<p>3 EPIC CYCLING ROAD &#8211; 4 giugno 2016<\/p>\n<p>MARCIALONGA CYCLING CRAFT &#8211; 12 giugno 2016<\/p>\n<p>GRANFONDO CITTA&#8217; DI PADOVA &#8211; 26 giugno 2016<\/p>\n","protected":false},"excerpt":{"rendered":"<p>1000 km e 16000 metri di dislivello saranno l\u2019essenza del circuito L\u2019originale Zero Wind Show partir\u00e0 il 28 marzo con la GF Davide Cassani Emiliano Borgna di ACSI e Giorgio De Gara di Zero Wind raccontano Zero Wind Show ACSI Ciclismo partner ufficiale di tutte le competizioni &nbsp; &nbsp; 1000 km e 16000 metri di [&hellip;]<\/p>\n","protected":false},"author":15,"featured_media":0,"comment_status":"open","ping_status":"open","sticky":false,"template":"","format":"standard","meta":{"footnotes":""},"categories":[15],"tags":[],"class_list":["post-5955","post","type-post","status-publish","format-standard","hentry","category-sport"],"_links":{"self":[{"href":"https:\/\/www.area-press.eu\/comunicatistampa\/wp-json\/wp\/v2\/posts\/5955","targetHints":{"allow":["GET"]}}],"collection":[{"href":"https:\/\/www.area-press.eu\/comunicatistampa\/wp-json\/wp\/v2\/posts"}],"about":[{"href":"https:\/\/www.area-press.eu\/comunicatistampa\/wp-json\/wp\/v2\/types\/post"}],"author":[{"embeddable":true,"href":"https:\/\/www.area-press.eu\/comunicatistampa\/wp-json\/wp\/v2\/users\/15"}],"replies":[{"embeddable":true,"href":"https:\/\/www.area-press.eu\/comunicatistampa\/wp-json\/wp\/v2\/comments?post=5955"}],"version-history":[{"count":1,"href":"https:\/\/www.area-press.eu\/comunicatistampa\/wp-json\/wp\/v2\/posts\/5955\/revisions"}],"predecessor-version":[{"id":5956,"href":"https:\/\/www.area-press.eu\/comunicatistampa\/wp-json\/wp\/v2\/posts\/5955\/revisions\/5956"}],"wp:attachment":[{"href":"https:\/\/www.area-press.eu\/comunicatistampa\/wp-json\/wp\/v2\/media?parent=5955"}],"wp:term":[{"taxonomy":"category","embeddable":true,"href":"https:\/\/www.area-press.eu\/comunicatistampa\/wp-json\/wp\/v2\/categories?post=5955"},{"taxonomy":"post_tag","embeddable":true,"href":"https:\/\/www.area-press.eu\/comunicatistampa\/wp-json\/wp\/v2\/tags?post=5955"}],"curies":[{"name":"wp","href":"https:\/\/api.w.org\/{rel}","templated":true}]}}