{"id":5953,"date":"2016-02-06T14:25:55","date_gmt":"2016-02-06T13:25:55","guid":{"rendered":"http:\/\/www.area-press.eu\/comunicatistampa\/?p=5953"},"modified":"2016-02-06T14:25:55","modified_gmt":"2016-02-06T13:25:55","slug":"72-anniversario-del-secondo-bombardamento-su-cori","status":"publish","type":"post","link":"https:\/\/www.area-press.eu\/comunicatistampa\/2016\/02\/06\/72-anniversario-del-secondo-bombardamento-su-cori\/","title":{"rendered":"72\u00b0 anniversario del secondo bombardamento su Cori"},"content":{"rendered":"<p>Ricorre domani il <strong>72\u00b0<\/strong> <strong>anniversario del secondo bombardamento su Cori<\/strong>. Era il 6 Febbraio 1944 quando le squadriglie di bombardieri alleati colpirono nuovamente il paese distruggendo quanto si era salvato una settimana prima.<\/p>\n<p>Come ricostruito dall\u2019Archivio Storico Comunale, <strong>ancora una volta furono prese di mira le chiese<\/strong>, una decina quelle distrutte e danneggiate, e poi i caseggiati di via delle Colonne e piazza Montagna, il cimitero e per finire l\u2019edificio scolastico, dov\u2019era un ospedale militare tedesco, nonostante vi fosse dipinta una grossa croce rossa sul terrazzo in modo ben visibile agli aerei.<\/p>\n<p>Altre bombe caddero sulle <strong>colline intorno al santuario della Madonna del Soccorso<\/strong> dove si erano rifugiate molte famiglie. Fu colpita in pieno una grande grotta poco distante, detta \u201cArnale ceco\u201d, causando molte vittime e feriti che furono soccorsi con difficolt\u00e0, data la tempesta di neve che imperversava quel giorno.<\/p>\n<p>Distrutto il paese ed evacuata la popolazione superstite, le continue incursioni aeree e i cannoneggiamenti dal mare riversarono sugli sfollati bombe e granate. <strong>Una delle localit\u00e0 pi\u00f9 duramente colpita fu \u201cL\u2019abboccatora\u201d<\/strong>, nel bosco corese, dove dal 30 Gennaio si erano rifugiate, in capanne e baracche, oltre duemila persone, e qui trovarono la morte molti bambini (Foto: scatti della Seconda Guerra Mondiale a Cori &#8211; autori vari &#8211; dagli album del gruppo Fb C\u00f2ri m\u00e9 bb\u00e9glio).<\/p>\n","protected":false},"excerpt":{"rendered":"<p>Ricorre domani il 72\u00b0 anniversario del secondo bombardamento su Cori. Era il 6 Febbraio 1944 quando le squadriglie di bombardieri alleati colpirono nuovamente il paese distruggendo quanto si era salvato una settimana prima. Come ricostruito dall\u2019Archivio Storico Comunale, ancora una volta furono prese di mira le chiese, una decina quelle distrutte e danneggiate, e poi [&hellip;]<\/p>\n","protected":false},"author":659,"featured_media":0,"comment_status":"open","ping_status":"open","sticky":false,"template":"","format":"standard","meta":{"footnotes":""},"categories":[4],"tags":[],"class_list":["post-5953","post","type-post","status-publish","format-standard","hentry","category-attualita-e-societa"],"_links":{"self":[{"href":"https:\/\/www.area-press.eu\/comunicatistampa\/wp-json\/wp\/v2\/posts\/5953","targetHints":{"allow":["GET"]}}],"collection":[{"href":"https:\/\/www.area-press.eu\/comunicatistampa\/wp-json\/wp\/v2\/posts"}],"about":[{"href":"https:\/\/www.area-press.eu\/comunicatistampa\/wp-json\/wp\/v2\/types\/post"}],"author":[{"embeddable":true,"href":"https:\/\/www.area-press.eu\/comunicatistampa\/wp-json\/wp\/v2\/users\/659"}],"replies":[{"embeddable":true,"href":"https:\/\/www.area-press.eu\/comunicatistampa\/wp-json\/wp\/v2\/comments?post=5953"}],"version-history":[{"count":1,"href":"https:\/\/www.area-press.eu\/comunicatistampa\/wp-json\/wp\/v2\/posts\/5953\/revisions"}],"predecessor-version":[{"id":5954,"href":"https:\/\/www.area-press.eu\/comunicatistampa\/wp-json\/wp\/v2\/posts\/5953\/revisions\/5954"}],"wp:attachment":[{"href":"https:\/\/www.area-press.eu\/comunicatistampa\/wp-json\/wp\/v2\/media?parent=5953"}],"wp:term":[{"taxonomy":"category","embeddable":true,"href":"https:\/\/www.area-press.eu\/comunicatistampa\/wp-json\/wp\/v2\/categories?post=5953"},{"taxonomy":"post_tag","embeddable":true,"href":"https:\/\/www.area-press.eu\/comunicatistampa\/wp-json\/wp\/v2\/tags?post=5953"}],"curies":[{"name":"wp","href":"https:\/\/api.w.org\/{rel}","templated":true}]}}