{"id":5946,"date":"2016-02-05T13:17:16","date_gmt":"2016-02-05T12:17:16","guid":{"rendered":"http:\/\/www.area-press.eu\/comunicatistampa\/?p=5946"},"modified":"2016-02-05T13:17:16","modified_gmt":"2016-02-05T12:17:16","slug":"trentino-mtb-riparte-con-furore-sei-gare-off-road-da-non-perdere","status":"publish","type":"post","link":"https:\/\/www.area-press.eu\/comunicatistampa\/2016\/02\/05\/trentino-mtb-riparte-con-furore-sei-gare-off-road-da-non-perdere\/","title":{"rendered":"TRENTINO MTB RIPARTE CON FURORE: SEI GARE OFF-ROAD DA NON PERDERE"},"content":{"rendered":"<p>Iscrizioni aperte per essere fra i protagonisti del 2016<\/p>\n<p>Dall\u20198 maggio al 2 ottobre si svilupper\u00e0 la stagione dei bikers<\/p>\n<p>Tariffe agevolate gi\u00e0 disponibili per chi affronter\u00e0 almeno cinque delle sei gare<\/p>\n<p>Oltre 40.000 appassionati dal 2009 ad oggi si sono cimentati con il circuito trentino<\/p>\n<p>&nbsp;<\/p>\n<p>&nbsp;<\/p>\n<p>La stagione di Trentino MTB \u00e8 in rampa di lancio!<\/p>\n<p>Sei gare degne di questo nome, sei imperdibili appuntamenti, sei emozionanti percorsi fra le pi\u00f9 belle location trentine, \u00e8 il circuito Trentino MTB, al via l\u20198 maggio con la ValdiNon Bike. La possibilit\u00e0 di iscriversi e partecipare \u00e8 gi\u00e0 stata aperta, una nuova stagione in sella alla mountain bike \u00e8 stata garantita, per essere fra i protagonisti di alcuni fra i tracciati pi\u00f9 spettacolari d\u2019Italia. Dopo aver affrontato gli sterrati di Cavareno, i patiti del pedale saranno coinvolti dalla \u201c100 Km dei Forti\u201d di Lavarone il 12 giugno, dalla \u201cDolomitica Brenta Bike\u201d di Pinzolo il 26 giugno, da \u201cLa Vecia Ferovia dela Val de Fiemme\u201d che il 7 agosto festegger\u00e0 il 20\u00b0 anniversario, dalla \u201cVal di Sole Marathon\u201d di Mal\u00e8 il 28 agosto e dalla \u201c3TBIKE\u201d di Telve Valsugana il 2 ottobre.<\/p>\n<p>I protagonisti della scorsa annata sapranno ripetersi anche in questa? Riusciranno i vari Ivan Degasperi, Lorena Zocca, Luca Zampedri, Claudio Segata, Michele Bazzanella, Giuseppe Baricchi, Alberto Lenzi, Klaus Fontana, Gabriele Depaul, il Team Todesco (miglior squadra) e i vincitori del GP dello Scalatore Andrea Zamboni e Patrizia D\u2019Amato a conquistare le rispettive categorie ancora una volta? Agli sterrati off-road il verdetto, nel corso di una stagione che si prospetta entusiasmante, con parecchi nomi ad aggiungersi alla contesa.<\/p>\n<p>Come detto, le iscrizioni sono gi\u00e0 aperte, le agevolazioni anche. Una quota di 140 euro anzich\u00e9 168 euro verr\u00e0 proposta agli ardimentosi che vorranno gareggiare in tutti e sei i contest previsti, mentre chi intender\u00e0 mancare un appuntamento affrontando cinque delle sei prove sfrutter\u00e0 la tariffa di 120 euro anzich\u00e9 140 euro. Per entrambe le proposte sportive verr\u00e0 fornito uno speciale gadget ed una posizione \u201cprivilegiata\u201d alla partenza, proprio alle spalle della griglia di merito. Alle squadre sar\u00e0 riservata l\u2019\u201cOfferta Speciale Team\u201d 3&#215;2, che permetter\u00e0 ad un concorrente ogni tre di iscriversi gratuitamente per team composti da sette a dodici atleti, mentre l\u2019\u201cOfferta Speciale Team\u201d 2&#215;1 conceder\u00e0 un\u2019iscrizione gratis ogni due per team costituiti da tredici o pi\u00f9 bikers.<\/p>\n<p>La natura incontaminata sar\u00e0 il leitmotiv di Trentino MTB, l\u2019offerta sportiva permetter\u00e0 ai bikers di immergersi fra boschi, montagne, rilievi collinari, altipiani, con ogni tipo di scenario a regalare punti tecnici pi\u00f9 o meno ardui, un circuito che \u00e8 stato capace di coinvolgere dal 2009 ad oggi oltre 40.000 appassionati di mountain bike ed in grado di sforare abbondantemente quota 4.000 nel 2015, numeri di tutto rispetto destinati ad aumentare sensibilmente anche quest\u2019anno.<\/p>\n<p>Info: <a href=\"http:\/\/www.trentinomtb.com\/\">www.trentinomtb.com<\/a>.<\/p>\n<p>&nbsp;<\/p>\n<p>&nbsp;<\/p>\n<p><strong>Calendario 2016<\/strong><\/p>\n<p>&nbsp;<\/p>\n<p>VALDINONBIKE &#8211; 8 maggio 2016<\/p>\n<p>100 KM DEI FORTI &#8211; 12 giugno 2016<\/p>\n<p>DOLOMITICA BRENTA BIKE &#8211; 26 giugno 2016<\/p>\n<p>LA VECIA FEROVIA DELA VAL DE FIEMME &#8211; 7 agosto 2016<\/p>\n<p>VAL DI SOLE MARATHON &#8211; 28 agosto 2016<\/p>\n<p>3TBIKE &#8211; 2 ottobre 2016<\/p>\n","protected":false},"excerpt":{"rendered":"<p>Iscrizioni aperte per essere fra i protagonisti del 2016 Dall\u20198 maggio al 2 ottobre si svilupper\u00e0 la stagione dei bikers Tariffe agevolate gi\u00e0 disponibili per chi affronter\u00e0 almeno cinque delle sei gare Oltre 40.000 appassionati dal 2009 ad oggi si sono cimentati con il circuito trentino &nbsp; &nbsp; La stagione di Trentino MTB \u00e8 in [&hellip;]<\/p>\n","protected":false},"author":15,"featured_media":0,"comment_status":"open","ping_status":"open","sticky":false,"template":"","format":"standard","meta":{"footnotes":""},"categories":[15],"tags":[],"class_list":["post-5946","post","type-post","status-publish","format-standard","hentry","category-sport"],"_links":{"self":[{"href":"https:\/\/www.area-press.eu\/comunicatistampa\/wp-json\/wp\/v2\/posts\/5946","targetHints":{"allow":["GET"]}}],"collection":[{"href":"https:\/\/www.area-press.eu\/comunicatistampa\/wp-json\/wp\/v2\/posts"}],"about":[{"href":"https:\/\/www.area-press.eu\/comunicatistampa\/wp-json\/wp\/v2\/types\/post"}],"author":[{"embeddable":true,"href":"https:\/\/www.area-press.eu\/comunicatistampa\/wp-json\/wp\/v2\/users\/15"}],"replies":[{"embeddable":true,"href":"https:\/\/www.area-press.eu\/comunicatistampa\/wp-json\/wp\/v2\/comments?post=5946"}],"version-history":[{"count":1,"href":"https:\/\/www.area-press.eu\/comunicatistampa\/wp-json\/wp\/v2\/posts\/5946\/revisions"}],"predecessor-version":[{"id":5947,"href":"https:\/\/www.area-press.eu\/comunicatistampa\/wp-json\/wp\/v2\/posts\/5946\/revisions\/5947"}],"wp:attachment":[{"href":"https:\/\/www.area-press.eu\/comunicatistampa\/wp-json\/wp\/v2\/media?parent=5946"}],"wp:term":[{"taxonomy":"category","embeddable":true,"href":"https:\/\/www.area-press.eu\/comunicatistampa\/wp-json\/wp\/v2\/categories?post=5946"},{"taxonomy":"post_tag","embeddable":true,"href":"https:\/\/www.area-press.eu\/comunicatistampa\/wp-json\/wp\/v2\/tags?post=5946"}],"curies":[{"name":"wp","href":"https:\/\/api.w.org\/{rel}","templated":true}]}}