{"id":59366,"date":"2021-05-14T17:05:22","date_gmt":"2021-05-14T15:05:22","guid":{"rendered":"https:\/\/www.area-press.eu\/comunicatistampa\/?p=59366"},"modified":"2021-10-22T18:07:58","modified_gmt":"2021-10-22T16:07:58","slug":"replica-voglio-andare-sulla-luna","status":"publish","type":"post","link":"https:\/\/www.area-press.eu\/comunicatistampa\/2021\/05\/14\/replica-voglio-andare-sulla-luna\/","title":{"rendered":"Replica, Voglio Andare sulla luna"},"content":{"rendered":"<p style=\"text-align: center\"><em>in promozione l\u2019interessate singolo del cantautore pisano <\/em><\/p>\n<p><iframe loading=\"lazy\" title=\"Replica \u2010 Voglio andare sulla luna.\" width=\"500\" height=\"281\" src=\"https:\/\/www.youtube.com\/embed\/Om6y4i0EbcQ?feature=oembed\" frameborder=\"0\" allow=\"accelerometer; autoplay; clipboard-write; encrypted-media; gyroscope; picture-in-picture; web-share\" referrerpolicy=\"strict-origin-when-cross-origin\" allowfullscreen><\/iframe><\/p>\n<p>La luna come rifugio per la nostra specie? Plausibile, mentre il nostro mondo scende sempre pi\u00f9 verso i piani della follia quale destino sar\u00e0 riservato al genere umano? E se la fine dell&#8217;umanit\u00e0 venisse accompagnata da un catering? E se la nostra dipartita avvenisse proprio fra la terza portata e il dolce, impedendoci di fotografare quell&#8217; ultimo piatto decisivo e lasciandoci in eredit\u00e0 un perenne amaro in bocca? Domande esistenziali alle quali probabilmente non sapremo mai rispondere, forse meglio cosi qualcuno potrebbe dire.<br \/>\nIn questo brano non ci sono risposte, ma come disse un noto commercialista: le domande sono le risposte di cui hai bisogno. L\u2019intenzione dietro la scrittura di pezzi come \u201cVoglio andare sulla luna\u201d \u00e8 quella di descrivere gli effetti del progresso sulla nostra societ\u00e0, i cosiddetti paradossi della vita moderna, dove a una sempre maggiore apertura verso il cambiamento corrispondono sempre pi\u00f9 disuguaglianze sociali e economiche, facendo un p\u00f2 il verso a tutta la propaganda che circola sui vari media che utilizziamo ogni giorno.<\/p>\n<p><img loading=\"lazy\" decoding=\"async\" class=\"aligncenter\" src=\"https:\/\/diffusionimusicali.org\/wp-content\/uploads\/2021\/05\/cover-replica.jpg\" width=\"402\" height=\"402\" \/><\/p>\n<p>Nato a Pisa, ha imparato a suonare la chitarra da bambino prendendo qualche lezione, ma in gran parte l\u2019ha imparato da autodidatta.<br \/>\nL\u2019interesse a scrivere canzoni \u00e8 nato dagli ascolti di musica di vario tipo ma prevalentemente indie rock, ovvero artisti capaci di creare e pensare in modo indipendente nonostante le pressioni del mercato discografico.<br \/>\nHa fatto qualche esperienza suonando a livello amatoriale fra amici e conoscenze varie, per lo pi\u00f9 in sala prove.<br \/>\nCominciando a registrare le prime demo si \u00e8 appassionato alla scrittura di brani cercando di trovare uno stile originale, ma comunque influenzato dalla musica ascoltata.<br \/>\nHa deciso di usare il nome <strong>Replica <\/strong>per i molteplici significati che pu\u00f2 assumere, intesa ironicamente come ripetizione o imitazione di qualcosa che nella maggior parte dei casi \u00e8 gi\u00e0 stato fatto o come risposta, reazione ad esempio in una conversazione o in un dibattito.<\/p>\n<p><a href=\"https:\/\/www.facebook.com\/ReplicasullaLuna\/\">https:\/\/www.facebook.com\/ReplicasullaLuna\/<\/a><\/p>\n<p><strong><em>Press, radio, Tv Agency<br \/>\nDCOD Communication By GB Play<br \/>\n<\/em><\/strong><a href=\"mailto:promoradio@dcodcommunication.it\">promoradio@dcodcommunication.it<\/a><br \/>\n<a href=\"mailto:promostampa@dcodcommunication.it\">promostampa@dcodcommunication.it<\/a><\/p>\n<p>&nbsp;<\/p>\n","protected":false},"excerpt":{"rendered":"<p>in promozione l\u2019interessate singolo del cantautore pisano La luna come rifugio per la nostra specie? Plausibile, mentre il nostro mondo scende sempre pi\u00f9 verso i piani della follia quale destino sar\u00e0 riservato al genere umano? E se la fine dell&#8217;umanit\u00e0 venisse accompagnata da un catering? E se la nostra dipartita avvenisse proprio fra la terza [&hellip;]<\/p>\n","protected":false},"author":331,"featured_media":0,"comment_status":"open","ping_status":"open","sticky":false,"template":"","format":"standard","meta":{"footnotes":""},"categories":[12],"tags":[12080,723,30134,2365],"class_list":["post-59366","post","type-post","status-publish","format-standard","hentry","category-musica","tag-luna","tag-news","tag-replica","tag-singolo"],"_links":{"self":[{"href":"https:\/\/www.area-press.eu\/comunicatistampa\/wp-json\/wp\/v2\/posts\/59366","targetHints":{"allow":["GET"]}}],"collection":[{"href":"https:\/\/www.area-press.eu\/comunicatistampa\/wp-json\/wp\/v2\/posts"}],"about":[{"href":"https:\/\/www.area-press.eu\/comunicatistampa\/wp-json\/wp\/v2\/types\/post"}],"author":[{"embeddable":true,"href":"https:\/\/www.area-press.eu\/comunicatistampa\/wp-json\/wp\/v2\/users\/331"}],"replies":[{"embeddable":true,"href":"https:\/\/www.area-press.eu\/comunicatistampa\/wp-json\/wp\/v2\/comments?post=59366"}],"version-history":[{"count":1,"href":"https:\/\/www.area-press.eu\/comunicatistampa\/wp-json\/wp\/v2\/posts\/59366\/revisions"}],"predecessor-version":[{"id":59367,"href":"https:\/\/www.area-press.eu\/comunicatistampa\/wp-json\/wp\/v2\/posts\/59366\/revisions\/59367"}],"wp:attachment":[{"href":"https:\/\/www.area-press.eu\/comunicatistampa\/wp-json\/wp\/v2\/media?parent=59366"}],"wp:term":[{"taxonomy":"category","embeddable":true,"href":"https:\/\/www.area-press.eu\/comunicatistampa\/wp-json\/wp\/v2\/categories?post=59366"},{"taxonomy":"post_tag","embeddable":true,"href":"https:\/\/www.area-press.eu\/comunicatistampa\/wp-json\/wp\/v2\/tags?post=59366"}],"curies":[{"name":"wp","href":"https:\/\/api.w.org\/{rel}","templated":true}]}}