{"id":59316,"date":"2021-05-13T10:57:54","date_gmt":"2021-05-13T08:57:54","guid":{"rendered":"https:\/\/www.area-press.eu\/comunicatistampa\/?p=59316"},"modified":"2021-10-22T18:08:16","modified_gmt":"2021-10-22T16:08:16","slug":"simone-barotti-amami-da-ora-e-il-nuovo-brano-del-cantautore-romano","status":"publish","type":"post","link":"https:\/\/www.area-press.eu\/comunicatistampa\/2021\/05\/13\/simone-barotti-amami-da-ora-e-il-nuovo-brano-del-cantautore-romano\/","title":{"rendered":"SIMONE BAROTTI \u201cAmami da ora\u201d \u00e8 il nuovo brano del cantautore romano"},"content":{"rendered":"<p style=\"text-align: center\"><i><span style=\"font-weight: 400\">Un ritmo incalzante e un andamento reggaeton raccontano la nascita di un colpo di fulmine.<\/span><\/i><\/p>\n<p><i><span style=\"font-weight: 400\">\u00a0<\/span><\/i><\/p>\n<p style=\"text-align: center\"><i><span style=\"font-weight: 400\"> <img decoding=\"async\" src=\"https:\/\/www.earone.it\/newsimages\/simone_barotti_amami_da_ora_br_jpeg.jpeg___th_320_0.jpeg\" \/><\/span><\/i><\/p>\n<p>&nbsp;<\/p>\n<p><span style=\"font-weight: 400\">Un testo carico di speranza e di voglia di costruire un amore caratterizza questo nuovo singolo, che conferma tutta la voglia di sperimentare, giocando coi generi, del suo autore.\u00a0\u00a0<\/span><\/p>\n<p><span style=\"font-weight: 400\">\u00ab<\/span><i><span style=\"font-weight: 400\">Amami da ora \u00e8 un brano che racchiude mille sfumature di colore. \u00c8\u00a0 il concentrato di emozioni di chi si trova davanti a un amore imprevisto e inaspettato. \u00c8 la paura di non essere corrisposti, il timore di sbagliare strada e la consapevolezza che da quel momento in poi nulla sar\u00e0 pi\u00f9 come prima. \u00c8 <\/span><\/i><span style=\"font-weight: 400\">il punto di non ritorno emotivo e la richiesta disperata di essere amati da qualcuno che, nei fatti, ancora non conosciamo.\u00bb <\/span><b>Simone Barotti<\/b><\/p>\n<p><span style=\"font-weight: 400\">Il brano \u00e8 prodotto da Valerio Ciccarelli per STUDIOVALE\u00a0<\/span><\/p>\n<p><iframe loading=\"lazy\" title=\"Simone Barotti  - Amami da ora (Official video)\" width=\"500\" height=\"281\" src=\"https:\/\/www.youtube.com\/embed\/FYgovKWnRbE?start=4&#038;feature=oembed\" frameborder=\"0\" allow=\"accelerometer; autoplay; clipboard-write; encrypted-media; gyroscope; picture-in-picture; web-share\" referrerpolicy=\"strict-origin-when-cross-origin\" allowfullscreen><\/iframe><\/p>\n<p><b>Etichetta: SI.FI. RECORD<\/b><\/p>\n<p><b>Radio date: 26 marzo 2021<\/b><\/p>\n<p>&nbsp;<\/p>\n<p><b>Contatti e social<\/b><b>\u00a0<\/b><\/p>\n<p><b>Sito web<\/b><span style=\"font-weight: 400\">: <\/span><a href=\"http:\/\/www.simonebarotti.it\"><span style=\"font-weight: 400\">www.simonebarotti.it\u00a0<\/span><\/a><\/p>\n<p><b>Instagram<\/b><span style=\"font-weight: 400\">: <\/span><a href=\"https:\/\/www.instagram.com\/simone.barotti.official\/?hl=it\"><span style=\"font-weight: 400\">https:\/\/www.instagram.com\/simone.barotti.official\/?hl=it <\/span><\/a><span style=\"font-weight: 400\">\u00a0<\/span><\/p>\n<p><b>Facebook<\/b><span style=\"font-weight: 400\">: <\/span><a href=\"https:\/\/www.facebook.com\/SimoneBarottiOfficial\/\"><span style=\"font-weight: 400\">https:\/\/www.facebook.com\/SimoneBarottiOfficial\/\u00a0\u00a0<\/span><\/a><\/p>\n<p>&nbsp;<\/p>\n<p><b>BIO<\/b><\/p>\n<p>&nbsp;<\/p>\n<p><span style=\"font-weight: 400\">Simone Barotti, romano classe 1979, inizia a muovere i primi passi nella musica a 17 anni formando il duo acustico \u201cPoetika\u201d con il chitarrista Nicola Illuminati. Quello di Simone e Nicola sar\u00e0 un percorso che si concluder\u00e0 nel 2005 dopo moltissime esibizioni live nei club della Capitale e della provincia e la partecipazione a numerose manifestazioni canore. Nel 2009 Simone \u00e8 selezionato tra i protagonisti del cast del musical \u201c1998\u2033 di Daniele Mercuri, che dopo il successo della prima ad \u201cAlbano Estate\u201d viene replicato diverse volte, registrando il sold out per tutte le date. Nel 2010 Simone raggiunge le semifinali del premio \u201cMia Martini\u201d con il brano \u201cDiretto a che ne so\u201d, canzone selezionata anche dall\u2019Umbria Rock Festival 2011. Il 14 luglio 2014 esce il primo Ep \u201cIl Cerchio\u201d (Legend Studio) scritto interamente da Simone Barotti, lanciato dal singolo omonimo. Il 31 luglio debutta nello spettacolo teatrale \u201cIl cuore ha pi\u00f9 stanze di un bordello\u201d all\u2019Orto Botanico di Napoli, per la regia di Annamaria Russo. I brani del disco riarrangiati fanno da colonna sonora alle parole di Gabriel Garcia Marquez. Sul palco con lui l\u2019attrice Rosalba di Girolamo e il chitarrista Giacinto Piracci. Lo spettacolo verr\u00e0 replicato ed entrer\u00e0 in cartellone al Teatro Il pozzo e il pendolo di Napoli e messo in scena\u00a0 anche a Roma al Teatro ex Enaoli. Il 12 settembre 2014 apre il concerto della cantante Tosca a Roma esibendosi accompagnato dal pianista Valerio Ciccarelli in \u201cLe Rose\u201d brano tratto dall\u2019album \u201cIl cerchio\u201d.<\/span><\/p>\n<p><span style=\"font-weight: 400\">Il 7 maggio 2015 viene presentato \u201cInvidia\u201d, secondo singolo tratto dall\u2019Ep e il 15 ottobre esce il terzo singolo \u201cLe rose\u201d. Per l\u2019occasione il brano \u00e8 ricantato con la cantante e youtube Melissa Camponeschi. Il brano debutta alla posizione n\u00b024 della Itunes new release chart. Il \u201cNel disordine che c\u2019\u00e8\u201d anticipa il secondo Ep\u00a0 del cantante (stavolta per l&#8217;etichetta SI.FI. Record e la produzione artistica di Valerio Ciccarelli per STUDIOVALE) pubblicato il 20 ottobre del 2017 contestualmente al secondo brano estratto dal titolo \u201cA cuore spento\u201d. Proprio in questa data Simone \u00e8 ospite nel programma di RAI 3 \u201cBuongiorno regione\u201d in cui racconta del suo nuovo lavoro.<\/span><\/p>\n<p><span style=\"font-weight: 400\">L&#8217;Ep \u201cNel disordine che c&#8217;\u00e8\u201d raggiunge la posizione n\u00b046 degli album pi\u00f9 venduti su ITUNES. Il 7 Novembre del 2019 viene pubblicato (sempre per SI.FI. Record e STUDIOVALE) il singolo \u201cQuando spegni la luce\u201d. Contestualmente esce anche il videoclip in cui alcuni degli attori sono stati selezionati tramite un contest sui social. Il 26 marzo del 2021 viene rilasciato (SI.FI.Record e STUDIOVALE) il singolo \u201cAmami da ora\u201d.<\/span><\/p>\n","protected":false},"excerpt":{"rendered":"<p>Un ritmo incalzante e un andamento reggaeton raccontano la nascita di un colpo di fulmine. \u00a0 &nbsp; Un testo carico di speranza e di voglia di costruire un amore caratterizza questo nuovo singolo, che conferma tutta la voglia di sperimentare, giocando coi generi, del suo autore.\u00a0\u00a0 \u00abAmami da ora \u00e8 un brano che racchiude mille [&hellip;]<\/p>\n","protected":false},"author":4383,"featured_media":0,"comment_status":"open","ping_status":"open","sticky":false,"template":"","format":"standard","meta":{"footnotes":""},"categories":[12],"tags":[4244,690,30118,3583,3584],"class_list":["post-59316","post","type-post","status-publish","format-standard","hentry","category-musica","tag-cantautorato","tag-nuovo-singolo","tag-simone-barotti","tag-video","tag-videoclip"],"_links":{"self":[{"href":"https:\/\/www.area-press.eu\/comunicatistampa\/wp-json\/wp\/v2\/posts\/59316","targetHints":{"allow":["GET"]}}],"collection":[{"href":"https:\/\/www.area-press.eu\/comunicatistampa\/wp-json\/wp\/v2\/posts"}],"about":[{"href":"https:\/\/www.area-press.eu\/comunicatistampa\/wp-json\/wp\/v2\/types\/post"}],"author":[{"embeddable":true,"href":"https:\/\/www.area-press.eu\/comunicatistampa\/wp-json\/wp\/v2\/users\/4383"}],"replies":[{"embeddable":true,"href":"https:\/\/www.area-press.eu\/comunicatistampa\/wp-json\/wp\/v2\/comments?post=59316"}],"version-history":[{"count":1,"href":"https:\/\/www.area-press.eu\/comunicatistampa\/wp-json\/wp\/v2\/posts\/59316\/revisions"}],"predecessor-version":[{"id":59319,"href":"https:\/\/www.area-press.eu\/comunicatistampa\/wp-json\/wp\/v2\/posts\/59316\/revisions\/59319"}],"wp:attachment":[{"href":"https:\/\/www.area-press.eu\/comunicatistampa\/wp-json\/wp\/v2\/media?parent=59316"}],"wp:term":[{"taxonomy":"category","embeddable":true,"href":"https:\/\/www.area-press.eu\/comunicatistampa\/wp-json\/wp\/v2\/categories?post=59316"},{"taxonomy":"post_tag","embeddable":true,"href":"https:\/\/www.area-press.eu\/comunicatistampa\/wp-json\/wp\/v2\/tags?post=59316"}],"curies":[{"name":"wp","href":"https:\/\/api.w.org\/{rel}","templated":true}]}}